{"id":265,"date":"2007-05-11T23:35:03","date_gmt":"2007-05-11T23:35:03","guid":{"rendered":"http:\/\/www.feuerwehrkostheim.de\/ffk\/?p=265"},"modified":"2018-06-02T14:09:48","modified_gmt":"2018-06-02T13:09:48","slug":"schwerer-verkehrsunfall-mit-motorradfahrer","status":"publish","type":"post","link":"https:\/\/www.feuerwehrkostheim.de\/?p=265","title":{"rendered":"Schwerer Verkehrsunfall mit Motorradfahrer"},"content":{"rendered":"<p><img loading=\"lazy\" decoding=\"async\" class=\"alignleft\" title=\"Einsatz-Logo\" src=\"http:\/\/www.feuerwehrkostheim.de\/wp-content\/bilder\/sonstige\/logo_einsatz.jpg\" alt=\"Einsatz-Logo\" width=\"100\" height=\"100\" \/><strong>11. Mai 2007 &#8211; 21:07 Uhr<\/strong><br \/>\n<strong>Hochheimer Stra\u00dfe <\/strong><br \/>\nEinzelfahrzeugalarmierung mit BF<br \/>\nEinsatz 2007<\/p>\n<p><a title=\"Photo Sharing\" href=\"http:\/\/www.flickr.com\/photos\/ffkostheim\/sets\/72157600343706694\/\" target=\"_blank\"><img loading=\"lazy\" decoding=\"async\" title=\"Schwerer Motorradunfall auf der Hochheimer Stra\u00dfe - 11.05.07\" src=\"http:\/\/farm2.static.flickr.com\/1141\/542327003_2bdbef41f7_m.jpg\" alt=\"Schwerer Motorradunfall auf der Hochheimer Stra\u00dfe - 11.05.07\" width=\"240\" height=\"160\" align=\"right\" hspace=\"5\" vspace=\"2\" \/><\/a>Die Feuerwehr Kostheim wurde prim\u00e4r zur Aufnahme und Beseitigung der ausgetretenen Betriebsmittel alarmiert. Durch ein sehr schnelles Ausr\u00fccken, bedingt durch den gerade stattfindenden \u00dcbungsdienst, konnte an der Einsatzstelle der Rettungsdienst tatkr\u00e4ftig unterst\u00fctzt werden. Neben dem verunfallten K-Rad Fahrer mussten auch noch an der Unfallstelle eintreffende Angeh\u00f6rige betreut werden. Aufgrund der schweren Verletzungen musste der Motorradfahrer per Rettungshubschrauber in eine Spezialklinik geflogen werden. <!--more-->Nach der Versorgung der hilfsbed\u00fcrftigen Personen wurde die Unfallstelle f\u00fcr die Beweissicherung ausgeleuchtet. Nach der Unfallaufnahme durch die Polizei wurde die verunreinigte Fahrbahn noch mit Wasser ges\u00e4ubert. Danach war auch der Einsatz f\u00fcr die Feuerwehr Kostheim beendet.<\/p>\n<p>Der Motorradfahrer erlag am drauffolgenden Tag im Krankenhaus seinen Verletzungen.<\/p>\n<p>Die Bilder wurden uns von <em><strong>Michael Ehresmann<\/strong><\/em> zur Verf\u00fcgung gestellt.<\/p>\n<p>Ein weiterer Bericht und Bilder sind zu finden unter:<br \/>\n<a href=\"http:\/\/www.wiesbaden112.de\/wordpress\/?p=182\" target=\"_blank\">Wiesbaden112<\/a><\/p>\n","protected":false},"excerpt":{"rendered":"<p>11. Mai 2007 &#8211; 21:07 Uhr Hochheimer Stra\u00dfe Einzelfahrzeugalarmierung mit BF Einsatz 2007 Die Feuerwehr Kostheim wurde prim\u00e4r zur Aufnahme und Beseitigung der ausgetretenen Betriebsmittel alarmiert. Durch ein sehr schnelles Ausr\u00fccken, bedingt durch den gerade stattfindenden \u00dcbungsdienst, konnte an der Einsatzstelle der Rettungsdienst tatkr\u00e4ftig unterst\u00fctzt werden. Neben dem verunfallten K-Rad Fahrer mussten auch noch an [&hellip;]<\/p>\n","protected":false},"author":1,"featured_media":0,"comment_status":"closed","ping_status":"open","sticky":false,"template":"","format":"standard","meta":{"_et_pb_use_builder":"","_et_pb_old_content":"","_et_gb_content_width":"","_crdt_document":"","footnotes":""},"categories":[5],"tags":[73,72,75,74,71,70],"class_list":["post-265","post","type-post","status-publish","format-standard","hentry","category-einsatze","tag-krad","tag-motorrad","tag-rettungshubschrauber","tag-todlich","tag-verkehrsunfall","tag-vu"],"_links":{"self":[{"href":"https:\/\/www.feuerwehrkostheim.de\/index.php?rest_route=\/wp\/v2\/posts\/265","targetHints":{"allow":["GET"]}}],"collection":[{"href":"https:\/\/www.feuerwehrkostheim.de\/index.php?rest_route=\/wp\/v2\/posts"}],"about":[{"href":"https:\/\/www.feuerwehrkostheim.de\/index.php?rest_route=\/wp\/v2\/types\/post"}],"author":[{"embeddable":true,"href":"https:\/\/www.feuerwehrkostheim.de\/index.php?rest_route=\/wp\/v2\/users\/1"}],"replies":[{"embeddable":true,"href":"https:\/\/www.feuerwehrkostheim.de\/index.php?rest_route=%2Fwp%2Fv2%2Fcomments&post=265"}],"version-history":[{"count":0,"href":"https:\/\/www.feuerwehrkostheim.de\/index.php?rest_route=\/wp\/v2\/posts\/265\/revisions"}],"wp:attachment":[{"href":"https:\/\/www.feuerwehrkostheim.de\/index.php?rest_route=%2Fwp%2Fv2%2Fmedia&parent=265"}],"wp:term":[{"taxonomy":"category","embeddable":true,"href":"https:\/\/www.feuerwehrkostheim.de\/index.php?rest_route=%2Fwp%2Fv2%2Fcategories&post=265"},{"taxonomy":"post_tag","embeddable":true,"href":"https:\/\/www.feuerwehrkostheim.de\/index.php?rest_route=%2Fwp%2Fv2%2Ftags&post=265"}],"curies":[{"name":"wp","href":"https:\/\/api.w.org\/{rel}","templated":true}]}}