{"id":2641,"date":"2015-07-24T17:17:44","date_gmt":"2015-07-24T15:17:44","guid":{"rendered":"http:\/\/www.feuerwehrkostheim.de\/?p=2641"},"modified":"2018-06-02T14:05:12","modified_gmt":"2018-06-02T13:05:12","slug":"brennender-muelleimer-am-kindergarten","status":"publish","type":"post","link":"https:\/\/www.feuerwehrkostheim.de\/?p=2641","title":{"rendered":"Brennender M\u00fclleimer am Kindergarten"},"content":{"rendered":"<p><img loading=\"lazy\" decoding=\"async\" class=\"alignleft\" title=\"Einsatz-Logo\" src=\"http:\/\/www.feuerwehrkostheim.de\/wp-content\/bilder\/sonstige\/logo_einsatz.jpg\" alt=\"Einsatz-Logo\" width=\"100\" height=\"100\" \/><strong>23. Juli 2015 &#8211; 21:45 Uhr<\/strong><br \/>\n<strong>St. Veiter Platz<\/strong><br \/>\nEinzelfahrzeugalarmierung<br \/>\nEinsatz 62 &#8211; 2015<\/p>\n<p>Die Kostheimer Feuerwehr wurde am Donnerstagabend zu einer brennenden M\u00fclltonne im Bereich des St. Veiter Platzes alarmiert. Das LF10 fuhr gemeinsam mit dem Basis-L\u00f6schfahrzeug der Berufsfeuerwehr die Waldhofstra\u00dfe an. Festgestellt werden konnten brennende Reste in einem metallischen Abfallbeh\u00e4lter, der unmittelbar vor dem dortigen Kindergarten aufgestellt war. Das Feuer wurde durch Zuhilfenahme einer K\u00fcbelspritze gel\u00f6scht. Ein Schaden entstand durch den Brand nicht.<\/p>\n","protected":false},"excerpt":{"rendered":"<p>23. Juli 2015 &#8211; 21:45 Uhr St. Veiter Platz Einzelfahrzeugalarmierung Einsatz 62 &#8211; 2015 Die Kostheimer Feuerwehr wurde am Donnerstagabend zu einer brennenden M\u00fclltonne im Bereich des St. Veiter Platzes alarmiert. Das LF10 fuhr gemeinsam mit dem Basis-L\u00f6schfahrzeug der Berufsfeuerwehr die Waldhofstra\u00dfe an. Festgestellt werden konnten brennende Reste in einem metallischen Abfallbeh\u00e4lter, der unmittelbar vor [&hellip;]<\/p>\n","protected":false},"author":1,"featured_media":0,"comment_status":"closed","ping_status":"open","sticky":false,"template":"","format":"standard","meta":{"_et_pb_use_builder":"","_et_pb_old_content":"","_et_gb_content_width":"","_crdt_document":"","footnotes":""},"categories":[5],"tags":[31,562,65],"class_list":["post-2641","post","type-post","status-publish","format-standard","hentry","category-einsatze","tag-feuer","tag-kleinbrand","tag-mulleimer"],"_links":{"self":[{"href":"https:\/\/www.feuerwehrkostheim.de\/index.php?rest_route=\/wp\/v2\/posts\/2641","targetHints":{"allow":["GET"]}}],"collection":[{"href":"https:\/\/www.feuerwehrkostheim.de\/index.php?rest_route=\/wp\/v2\/posts"}],"about":[{"href":"https:\/\/www.feuerwehrkostheim.de\/index.php?rest_route=\/wp\/v2\/types\/post"}],"author":[{"embeddable":true,"href":"https:\/\/www.feuerwehrkostheim.de\/index.php?rest_route=\/wp\/v2\/users\/1"}],"replies":[{"embeddable":true,"href":"https:\/\/www.feuerwehrkostheim.de\/index.php?rest_route=%2Fwp%2Fv2%2Fcomments&post=2641"}],"version-history":[{"count":0,"href":"https:\/\/www.feuerwehrkostheim.de\/index.php?rest_route=\/wp\/v2\/posts\/2641\/revisions"}],"wp:attachment":[{"href":"https:\/\/www.feuerwehrkostheim.de\/index.php?rest_route=%2Fwp%2Fv2%2Fmedia&parent=2641"}],"wp:term":[{"taxonomy":"category","embeddable":true,"href":"https:\/\/www.feuerwehrkostheim.de\/index.php?rest_route=%2Fwp%2Fv2%2Fcategories&post=2641"},{"taxonomy":"post_tag","embeddable":true,"href":"https:\/\/www.feuerwehrkostheim.de\/index.php?rest_route=%2Fwp%2Fv2%2Ftags&post=2641"}],"curies":[{"name":"wp","href":"https:\/\/api.w.org\/{rel}","templated":true}]}}