{"id":2607,"date":"2015-07-15T14:50:39","date_gmt":"2015-07-15T12:50:39","guid":{"rendered":"http:\/\/www.feuerwehrkostheim.de\/?p=2607"},"modified":"2018-06-02T14:05:13","modified_gmt":"2018-06-02T13:05:13","slug":"schmorbrand-eines-elektrogeraetes","status":"publish","type":"post","link":"https:\/\/www.feuerwehrkostheim.de\/?p=2607","title":{"rendered":"Schmorbrand eines Elektroger\u00e4tes"},"content":{"rendered":"<p><img loading=\"lazy\" decoding=\"async\" class=\"alignleft\" title=\"Einsatz-Logo\" src=\"http:\/\/www.feuerwehrkostheim.de\/wp-content\/bilder\/sonstige\/logo_einsatz.jpg\" alt=\"Einsatz-Logo\" width=\"100\" height=\"100\" \/><strong>15. Juli 2015 &#8211; 12:58 Uhr<\/strong><br \/>\n<strong>Friedrichstra\u00dfe<\/strong><br \/>\nFF-Einheit<br \/>\nEinsatz 54 &#8211; 2015<\/p>\n<p>Eine gemeldete Rauchentwicklung aus einem Keller in der Friedrichstra\u00dfe war Ausl\u00f6ser f\u00fcr die Alarmierung der Feuerwehr am Mittwochmittag. Berufsfeuerwehr und die freiwilligen Wehren aus Kostheim und Kastel fuhren die Einsatzstelle im alten Ortskern an. Zum Gl\u00fcck handelte es sich nur um den Schmorbrand eines Elektroger\u00e4tes. Somit hielt sich die Arbeit der Feuerwehr in Grenzen und der Einsatz konnte wenig sp\u00e4ter abgeschlossen werden.<\/p>\n","protected":false},"excerpt":{"rendered":"<p>15. Juli 2015 &#8211; 12:58 Uhr Friedrichstra\u00dfe FF-Einheit Einsatz 54 &#8211; 2015 Eine gemeldete Rauchentwicklung aus einem Keller in der Friedrichstra\u00dfe war Ausl\u00f6ser f\u00fcr die Alarmierung der Feuerwehr am Mittwochmittag. Berufsfeuerwehr und die freiwilligen Wehren aus Kostheim und Kastel fuhren die Einsatzstelle im alten Ortskern an. Zum Gl\u00fcck handelte es sich nur um den Schmorbrand [&hellip;]<\/p>\n","protected":false},"author":1,"featured_media":0,"comment_status":"closed","ping_status":"open","sticky":false,"template":"","format":"standard","meta":{"_et_pb_use_builder":"","_et_pb_old_content":"","_et_gb_content_width":"","_crdt_document":"","footnotes":""},"categories":[5],"tags":[110,112,236,111],"class_list":["post-2607","post","type-post","status-publish","format-standard","hentry","category-einsatze","tag-alarmgruppe","tag-brandverdacht","tag-keller","tag-rauchentwicklung"],"_links":{"self":[{"href":"https:\/\/www.feuerwehrkostheim.de\/index.php?rest_route=\/wp\/v2\/posts\/2607","targetHints":{"allow":["GET"]}}],"collection":[{"href":"https:\/\/www.feuerwehrkostheim.de\/index.php?rest_route=\/wp\/v2\/posts"}],"about":[{"href":"https:\/\/www.feuerwehrkostheim.de\/index.php?rest_route=\/wp\/v2\/types\/post"}],"author":[{"embeddable":true,"href":"https:\/\/www.feuerwehrkostheim.de\/index.php?rest_route=\/wp\/v2\/users\/1"}],"replies":[{"embeddable":true,"href":"https:\/\/www.feuerwehrkostheim.de\/index.php?rest_route=%2Fwp%2Fv2%2Fcomments&post=2607"}],"version-history":[{"count":0,"href":"https:\/\/www.feuerwehrkostheim.de\/index.php?rest_route=\/wp\/v2\/posts\/2607\/revisions"}],"wp:attachment":[{"href":"https:\/\/www.feuerwehrkostheim.de\/index.php?rest_route=%2Fwp%2Fv2%2Fmedia&parent=2607"}],"wp:term":[{"taxonomy":"category","embeddable":true,"href":"https:\/\/www.feuerwehrkostheim.de\/index.php?rest_route=%2Fwp%2Fv2%2Fcategories&post=2607"},{"taxonomy":"post_tag","embeddable":true,"href":"https:\/\/www.feuerwehrkostheim.de\/index.php?rest_route=%2Fwp%2Fv2%2Ftags&post=2607"}],"curies":[{"name":"wp","href":"https:\/\/api.w.org\/{rel}","templated":true}]}}