{"id":2568,"date":"2015-06-09T21:07:52","date_gmt":"2015-06-09T19:07:52","guid":{"rendered":"http:\/\/www.feuerwehrkostheim.de\/?p=2568"},"modified":"2018-06-02T14:05:14","modified_gmt":"2018-06-02T13:05:14","slug":"lkw-unfall-auf-der-a3-fordert-die-feuerwehren","status":"publish","type":"post","link":"https:\/\/www.feuerwehrkostheim.de\/?p=2568","title":{"rendered":"LKW-Unfall auf der A3 fordert die Feuerwehren"},"content":{"rendered":"<p><img loading=\"lazy\" decoding=\"async\" class=\"alignleft\" title=\"Einsatz-Logo\" src=\"http:\/\/www.feuerwehrkostheim.de\/wp-content\/bilder\/sonstige\/logo_einsatz.jpg\" alt=\"Einsatz-Logo\" width=\"100\" height=\"100\" \/><strong>09. Juni 2015 &#8211; 11:31 Uhr<\/strong><br \/>\n<strong>Feuerwache 2<\/strong><br \/>\nFF-Einheit \/ Alarmgruppe mit FF Kastel<br \/>\nEinsatz 46 &#8211; 2015<\/p>\n<p>Ein schwerer LKW-Unfall auf der A3 in Fahrtrichtung K\u00f6ln besch\u00e4ftigte die Wiesbadener Feuerwehren am Dienstag. Bei dem Unfall, der sich gegen 11 Uhr kurz vor der Abfahrt Niedernhausen ereignete, legte sich ein mit etwa 25t Holz beladene LKW quer \u00fcber alle Fahrspuren. Neben den Einsatzkr\u00e4ften, die vor Ort ben\u00f6tigt wurden, galt es auch die verwaisten Feuerwachen 2 und 3 wieder zu besetzen. Hierzu alarmierte die Leitstelle die Wehren Kostheim und Kastel f\u00fcr die Wache im S\u00fcden. Da der Gro\u00dfteil der \u00f6stlichen freiwilligen Wehren zum Entladen des verunfallten LKW\u00b4s angefordert wurde, fuhren die Kameraden aus Kastel mit ihrem L\u00f6schfahrzeug auf die Feuerwache 3 in Bierstadt um dort die Kollegen der FF Nordenstadt zu unterst\u00fctzen. Die gesamte Einsatzzeit dauerte bis etwa 16 Uhr, wobei es einsatztechnisch ruhig blieb und ohne weitere Alarmierungen wieder einger\u00fcckt werden konnte.<\/p>\n","protected":false},"excerpt":{"rendered":"<p>09. Juni 2015 &#8211; 11:31 Uhr Feuerwache 2 FF-Einheit \/ Alarmgruppe mit FF Kastel Einsatz 46 &#8211; 2015 Ein schwerer LKW-Unfall auf der A3 in Fahrtrichtung K\u00f6ln besch\u00e4ftigte die Wiesbadener Feuerwehren am Dienstag. Bei dem Unfall, der sich gegen 11 Uhr kurz vor der Abfahrt Niedernhausen ereignete, legte sich ein mit etwa 25t Holz beladene [&hellip;]<\/p>\n","protected":false},"author":1,"featured_media":0,"comment_status":"closed","ping_status":"open","sticky":false,"template":"","format":"standard","meta":{"_et_pb_use_builder":"","_et_pb_old_content":"","_et_gb_content_width":"","_crdt_document":"","footnotes":""},"categories":[5],"tags":[110,242,70,243],"class_list":["post-2568","post","type-post","status-publish","format-standard","hentry","category-einsatze","tag-alarmgruppe","tag-feuerwache-2","tag-vu","tag-wachbesetzung"],"_links":{"self":[{"href":"https:\/\/www.feuerwehrkostheim.de\/index.php?rest_route=\/wp\/v2\/posts\/2568","targetHints":{"allow":["GET"]}}],"collection":[{"href":"https:\/\/www.feuerwehrkostheim.de\/index.php?rest_route=\/wp\/v2\/posts"}],"about":[{"href":"https:\/\/www.feuerwehrkostheim.de\/index.php?rest_route=\/wp\/v2\/types\/post"}],"author":[{"embeddable":true,"href":"https:\/\/www.feuerwehrkostheim.de\/index.php?rest_route=\/wp\/v2\/users\/1"}],"replies":[{"embeddable":true,"href":"https:\/\/www.feuerwehrkostheim.de\/index.php?rest_route=%2Fwp%2Fv2%2Fcomments&post=2568"}],"version-history":[{"count":0,"href":"https:\/\/www.feuerwehrkostheim.de\/index.php?rest_route=\/wp\/v2\/posts\/2568\/revisions"}],"wp:attachment":[{"href":"https:\/\/www.feuerwehrkostheim.de\/index.php?rest_route=%2Fwp%2Fv2%2Fmedia&parent=2568"}],"wp:term":[{"taxonomy":"category","embeddable":true,"href":"https:\/\/www.feuerwehrkostheim.de\/index.php?rest_route=%2Fwp%2Fv2%2Fcategories&post=2568"},{"taxonomy":"post_tag","embeddable":true,"href":"https:\/\/www.feuerwehrkostheim.de\/index.php?rest_route=%2Fwp%2Fv2%2Ftags&post=2568"}],"curies":[{"name":"wp","href":"https:\/\/api.w.org\/{rel}","templated":true}]}}