{"id":2539,"date":"2015-05-30T11:59:45","date_gmt":"2015-05-30T09:59:45","guid":{"rendered":"http:\/\/www.feuerwehrkostheim.de\/?p=2539"},"modified":"2018-06-02T14:05:14","modified_gmt":"2018-06-02T13:05:14","slug":"muelleimer-geht-in-flammen-auf","status":"publish","type":"post","link":"https:\/\/www.feuerwehrkostheim.de\/?p=2539","title":{"rendered":"M\u00fclleimer geht in Flammen auf"},"content":{"rendered":"<p><img loading=\"lazy\" decoding=\"async\" class=\"alignleft\" title=\"Einsatz-Logo\" src=\"http:\/\/www.feuerwehrkostheim.de\/wp-content\/bilder\/sonstige\/logo_einsatz.jpg\" alt=\"Einsatz-Logo\" width=\"100\" height=\"100\" \/><strong>30. Mai 2015 &#8211; 00:38 Uhr<\/strong><br \/>\n<strong>Hauptstra\u00dfe<\/strong><br \/>\nEinzelfahrzeugalarmierung<br \/>\nEinsatz 36 &#8211; 2015<\/p>\n<p>In der Nacht auf Samstag alarmierte die Leitstelle die L\u00f6schfahrzeuge der freiwilligen und Berufsfeuerwehr zu einem gemeldeten Kleinbrand in der Hauptstra\u00dfe. Im Bereich der Fu\u00dfg\u00e4ngerbr\u00fccke &#8211; auch Schneckenbr\u00fccke genannt &#8211; sollte ein M\u00fclleimer brennen. Als man vor eintraf, brannten noch die \u00dcberreste eines an einem Schild befestigter Abfallbeh\u00e4lters. Das Feuer wurde mit einer K\u00fcbelspritze gel\u00f6scht.<\/p>\n","protected":false},"excerpt":{"rendered":"<p>30. Mai 2015 &#8211; 00:38 Uhr Hauptstra\u00dfe Einzelfahrzeugalarmierung Einsatz 36 &#8211; 2015 In der Nacht auf Samstag alarmierte die Leitstelle die L\u00f6schfahrzeuge der freiwilligen und Berufsfeuerwehr zu einem gemeldeten Kleinbrand in der Hauptstra\u00dfe. Im Bereich der Fu\u00dfg\u00e4ngerbr\u00fccke &#8211; auch Schneckenbr\u00fccke genannt &#8211; sollte ein M\u00fclleimer brennen. Als man vor eintraf, brannten noch die \u00dcberreste eines [&hellip;]<\/p>\n","protected":false},"author":1,"featured_media":0,"comment_status":"closed","ping_status":"open","sticky":false,"template":"","format":"standard","meta":{"_et_pb_use_builder":"","_et_pb_old_content":"","_et_gb_content_width":"","_crdt_document":"","footnotes":""},"categories":[5],"tags":[31,562,213,65],"class_list":["post-2539","post","type-post","status-publish","format-standard","hentry","category-einsatze","tag-feuer","tag-kleinbrand","tag-kubelspritze","tag-mulleimer"],"_links":{"self":[{"href":"https:\/\/www.feuerwehrkostheim.de\/index.php?rest_route=\/wp\/v2\/posts\/2539","targetHints":{"allow":["GET"]}}],"collection":[{"href":"https:\/\/www.feuerwehrkostheim.de\/index.php?rest_route=\/wp\/v2\/posts"}],"about":[{"href":"https:\/\/www.feuerwehrkostheim.de\/index.php?rest_route=\/wp\/v2\/types\/post"}],"author":[{"embeddable":true,"href":"https:\/\/www.feuerwehrkostheim.de\/index.php?rest_route=\/wp\/v2\/users\/1"}],"replies":[{"embeddable":true,"href":"https:\/\/www.feuerwehrkostheim.de\/index.php?rest_route=%2Fwp%2Fv2%2Fcomments&post=2539"}],"version-history":[{"count":0,"href":"https:\/\/www.feuerwehrkostheim.de\/index.php?rest_route=\/wp\/v2\/posts\/2539\/revisions"}],"wp:attachment":[{"href":"https:\/\/www.feuerwehrkostheim.de\/index.php?rest_route=%2Fwp%2Fv2%2Fmedia&parent=2539"}],"wp:term":[{"taxonomy":"category","embeddable":true,"href":"https:\/\/www.feuerwehrkostheim.de\/index.php?rest_route=%2Fwp%2Fv2%2Fcategories&post=2539"},{"taxonomy":"post_tag","embeddable":true,"href":"https:\/\/www.feuerwehrkostheim.de\/index.php?rest_route=%2Fwp%2Fv2%2Ftags&post=2539"}],"curies":[{"name":"wp","href":"https:\/\/api.w.org\/{rel}","templated":true}]}}