{"id":2511,"date":"2015-05-15T21:36:35","date_gmt":"2015-05-15T19:36:35","guid":{"rendered":"http:\/\/www.feuerwehrkostheim.de\/?p=2511"},"modified":"2018-06-02T14:05:16","modified_gmt":"2018-06-02T13:05:16","slug":"tag-der-offenen-tuer-2015-bilderbuchwetter-sorgt-fuer-ansturm-der-besucher","status":"publish","type":"post","link":"https:\/\/www.feuerwehrkostheim.de\/?p=2511","title":{"rendered":"Tag der offenen T\u00fcr 2015 &#8211; Bilderbuchwetter sorgt f\u00fcr Besucheransturm"},"content":{"rendered":"<p><a title=\"Tag der offenen T\u00fcr 2015 - 14.05.15 by FF-Kostheim, auf Flickr\" href=\"https:\/\/www.flickr.com\/photos\/ffkostheim\/sets\/72157650525894974\" target=\"_blank\"><img loading=\"lazy\" decoding=\"async\" class=\" alignleft\" src=\"https:\/\/c1.staticflickr.com\/9\/8819\/17494820348_8201bbd4fc_n.jpg\" alt=\"Tag der offenen T\u00fcr 2015 - 14.05.15\" width=\"320\" height=\"212\" \/><\/a> In diesem Jahr \u00f6ffnete die Kostheimer Feuerwehr am Vatertag ihre T\u00fcren und Tore um interessierten B\u00fcrgern einen Einblick in die Arbeit der Wehr zu erm\u00f6glichen. Bei sprichw\u00f6rtlichem Bilderbuchwetter waren alle St\u00e4nde und Attraktionen p\u00fcnktlich zum Start um 10 Uhr aufgebaut und besetzt.<\/p>\n<p>Rund um die Feuerwehr am Mainzer Weg konnte das Ein oder Andere bestaunt werden. Im Lehrsaal des Ger\u00e4tehauses f\u00fchrte der Stadtbrandinspektor und ehemalige Wehrf\u00fchrer Thomas Stein Experimentalvortr\u00e4ge zum Thema Feuer und Rauch vor. An den Infost\u00e4nden der Nachwuchsabteilungen konnten sich Neugierige \u00fcber deren Arbeit, Ausbildungsinhalte und die jeweiligen Altersgrenzen informieren. Neben der gro\u00dfen H\u00fcpfburg, welche von der Firma ESWE zur Verf\u00fcgung gestellt wurde, stand eine Drehleiter, wo Unerschrockene \u2013 meist Kinder \u2013 an einer Strickleiter in die H\u00f6he klettern konnten. Selbstverst\u00e4ndlich wurden die \u00fcberwiegend kleinen Abenteurer ordnungsgem\u00e4\u00df gesichert.<\/p>\n<p><!--more--><\/p>\n<p><a title=\"Tag der offenen T\u00fcr 2015 - 14.05.15 by FF-Kostheim, auf Flickr\" href=\"https:\/\/www.flickr.com\/photos\/ffkostheim\/sets\/72157650525894974\" target=\"_blank\"><img loading=\"lazy\" decoding=\"async\" class=\" alignright\" src=\"https:\/\/c2.staticflickr.com\/6\/5466\/17680187072_ae0a69ae10_n.jpg\" alt=\"Tag der offenen T\u00fcr 2015 - 14.05.15\" width=\"320\" height=\"212\" \/><\/a> Im Rahmen einer kleinen Fahrzeugausstellung konnte der Kostheimer Fuhrpark von zwei L\u00f6schfahrzeugen, dem Mannschaftstransporter sowie dem vereinseigenen Rettungsboot aus der N\u00e4he betrachtet werden.<\/p>\n<p>Ebenfalls in der Ausstellung vertreten waren die Polizei mit einem Infostand sowie das Jugendrotkreuz aus Bischofsheim mit einem Krankentransportwagen. Bei der Polizei konnte man sich in einem Einsatzwagen fotografieren lassen und erhielt dieses Bild direkt im Anschluss als Button ans T-Shirt angesteckt.<\/p>\n<p><a title=\"Tag der offenen T\u00fcr 2015 - 14.05.15 by FF-Kostheim, auf Flickr\" href=\"https:\/\/www.flickr.com\/photos\/ffkostheim\/sets\/72157650525894974\" target=\"_blank\"><img loading=\"lazy\" decoding=\"async\" class=\" alignleft\" src=\"https:\/\/c4.staticflickr.com\/8\/7769\/17682872901_546d8f6810_n.jpg\" alt=\"Tag der offenen T\u00fcr 2015 - 14.05.15\" width=\"320\" height=\"212\" \/><\/a> Gro\u00dfe Augen versetzte den Besuchern die Jugendfeuerwehr bei ihren Schau\u00fcbungen. Bevor ein brennender Holzstapel gel\u00f6scht werden musste, zeigte der Nachwuchs sein K\u00f6nnen im Rahmen einer technischen Unfallhilfe. Die jeweiligen Verletzten, die t\u00e4uschend echt geschminkt waren, wurden vom Jugendrotkreuz in Empfang genommen und erstversorgt.<\/p>\n<p><a title=\"Tag der offenen T\u00fcr 2015 - 14.05.15 by FF-Kostheim, auf Flickr\" href=\"https:\/\/www.flickr.com\/photos\/ffkostheim\/sets\/72157650525894974\" target=\"_blank\"><img loading=\"lazy\" decoding=\"async\" class=\" alignright\" src=\"https:\/\/c1.staticflickr.com\/9\/8725\/17060196074_129afc62dc_n.jpg\" alt=\"Tag der offenen T\u00fcr 2015 - 14.05.15\" width=\"320\" height=\"212\" \/><\/a> F\u00fcr das leibliche Wohl der G\u00e4ste wurde in Form von gegrilltem, Crepes, Waffeln sowie einem umfangreichen Kuchenbuffet zur Mittagszeit gesorgt. Auch am Getr\u00e4nkestand konnte durch das vielf\u00e4ltige Angebot jeder Durst nach eigenem Geschmack gel\u00f6scht werden.<\/p>\n<p>Die Kostheimer Feuerwehr bedankt sich bei allen Besuchern und hofft, dass die zum Teil aufgekommenen Warteschlangen einem gelungenen Tag nichts anhaben konnten.<\/p>\n<p>Ein besonderer Dank geht an alle Nachbarn, die nicht nur speziell am Tag der offenen T\u00fcr, sondern das ganze Jahr \u00fcber, bei Eins\u00e4tzen zum Teil auch in der Nacht und \u00dcbungsdiensten, einer erh\u00f6hten Ger\u00e4uschkulisse ausgesetzt sind.<\/p>\n","protected":false},"excerpt":{"rendered":"<p>In diesem Jahr \u00f6ffnete die Kostheimer Feuerwehr am Vatertag ihre T\u00fcren und Tore um interessierten B\u00fcrgern einen Einblick in die Arbeit der Wehr zu erm\u00f6glichen. Bei sprichw\u00f6rtlichem Bilderbuchwetter waren alle St\u00e4nde und Attraktionen p\u00fcnktlich zum Start um 10 Uhr aufgebaut und besetzt. Rund um die Feuerwehr am Mainzer Weg konnte das Ein oder Andere bestaunt [&hellip;]<\/p>\n","protected":false},"author":1,"featured_media":0,"comment_status":"closed","ping_status":"open","sticky":false,"template":"","format":"standard","meta":{"_et_pb_use_builder":"","_et_pb_old_content":"","_et_gb_content_width":"","_crdt_document":"","footnotes":""},"categories":[3,4,7,9],"tags":[446,31,84,256,105,250],"class_list":["post-2511","post","type-post","status-publish","format-standard","hentry","category-bambinifeuerwehr","category-einsatzabteilung","category-jugendfeuerwehr","category-veranstaltungen","tag-fest","tag-feuer","tag-schauubung","tag-tag-der-offenen-tur","tag-ubung","tag-vatertag"],"_links":{"self":[{"href":"https:\/\/www.feuerwehrkostheim.de\/index.php?rest_route=\/wp\/v2\/posts\/2511","targetHints":{"allow":["GET"]}}],"collection":[{"href":"https:\/\/www.feuerwehrkostheim.de\/index.php?rest_route=\/wp\/v2\/posts"}],"about":[{"href":"https:\/\/www.feuerwehrkostheim.de\/index.php?rest_route=\/wp\/v2\/types\/post"}],"author":[{"embeddable":true,"href":"https:\/\/www.feuerwehrkostheim.de\/index.php?rest_route=\/wp\/v2\/users\/1"}],"replies":[{"embeddable":true,"href":"https:\/\/www.feuerwehrkostheim.de\/index.php?rest_route=%2Fwp%2Fv2%2Fcomments&post=2511"}],"version-history":[{"count":0,"href":"https:\/\/www.feuerwehrkostheim.de\/index.php?rest_route=\/wp\/v2\/posts\/2511\/revisions"}],"wp:attachment":[{"href":"https:\/\/www.feuerwehrkostheim.de\/index.php?rest_route=%2Fwp%2Fv2%2Fmedia&parent=2511"}],"wp:term":[{"taxonomy":"category","embeddable":true,"href":"https:\/\/www.feuerwehrkostheim.de\/index.php?rest_route=%2Fwp%2Fv2%2Fcategories&post=2511"},{"taxonomy":"post_tag","embeddable":true,"href":"https:\/\/www.feuerwehrkostheim.de\/index.php?rest_route=%2Fwp%2Fv2%2Ftags&post=2511"}],"curies":[{"name":"wp","href":"https:\/\/api.w.org\/{rel}","templated":true}]}}