{"id":2486,"date":"2015-04-21T16:59:44","date_gmt":"2015-04-21T14:59:44","guid":{"rendered":"http:\/\/www.feuerwehrkostheim.de\/?p=2486"},"modified":"2018-06-02T14:05:16","modified_gmt":"2018-06-02T13:05:16","slug":"schwere-verkehrsunfaelle-auf-der-a3-wachbesetzung","status":"publish","type":"post","link":"https:\/\/www.feuerwehrkostheim.de\/?p=2486","title":{"rendered":"Schwere Verkehrsunf\u00e4lle auf der A3 &#8211; Wachbesetzung"},"content":{"rendered":"<p><img loading=\"lazy\" decoding=\"async\" class=\"alignleft\" title=\"Einsatz-Logo\" src=\"http:\/\/www.feuerwehrkostheim.de\/wp-content\/bilder\/sonstige\/logo_einsatz.jpg\" alt=\"Einsatz-Logo\" width=\"100\" height=\"100\" \/><strong>21. April 2015 &#8211; 14:21 Uhr<\/strong><br \/>\n<strong>Feuerwache 2<\/strong><br \/>\nFF-Einheit &#8211; Alarmgruppe mit FF Kastel<br \/>\nEinsatz 28 &#8211; 2015<\/p>\n<p>Aufgrund zweier folgenschwerer Unf\u00e4lle, die sich kurz hintereinander auf der A3 zwischen der Rastst\u00e4tte Medenbach und der Anschlussstelle Niedernhausen in Fahrtrichtung K\u00f6ln ereigneten, musste die Feuerwehr Wiesbaden mit einem Gro\u00dfaufgebot an Einsatzkr\u00e4ften am Dienstagmittag ausr\u00fccken. Die dadurch verwaisten Feuerwachen mussten durch die freiwilligen Wehren Stadtmitte (Wache 1), Bierstadt (Wache 3), Kastel und Kostheim (Wache 2) besetzt werden.<br \/>\nKnapp drei Stunden nach Alarmierung konnte die Wachbereitschaft wieder aufgehoben werden. Die Feuerwehr Kostheim stellte auf der Feuerwache 2 zwei L\u00f6schfahrzeuge und 15 Einsatzkr\u00e4fte f\u00fcr m\u00f6gliche Eins\u00e4tze &#8211; die gl\u00fccklicher Weise ausblieben &#8211; zur Verf\u00fcgung.<\/p>\n","protected":false},"excerpt":{"rendered":"<p>21. April 2015 &#8211; 14:21 Uhr Feuerwache 2 FF-Einheit &#8211; Alarmgruppe mit FF Kastel Einsatz 28 &#8211; 2015 Aufgrund zweier folgenschwerer Unf\u00e4lle, die sich kurz hintereinander auf der A3 zwischen der Rastst\u00e4tte Medenbach und der Anschlussstelle Niedernhausen in Fahrtrichtung K\u00f6ln ereigneten, musste die Feuerwehr Wiesbaden mit einem Gro\u00dfaufgebot an Einsatzkr\u00e4ften am Dienstagmittag ausr\u00fccken. Die dadurch [&hellip;]<\/p>\n","protected":false},"author":1,"featured_media":0,"comment_status":"closed","ping_status":"open","sticky":false,"template":"","format":"standard","meta":{"_et_pb_use_builder":"","_et_pb_old_content":"","_et_gb_content_width":"","_crdt_document":"","footnotes":""},"categories":[5],"tags":[242,76,70,243],"class_list":["post-2486","post","type-post","status-publish","format-standard","hentry","category-einsatze","tag-feuerwache-2","tag-unfall","tag-vu","tag-wachbesetzung"],"_links":{"self":[{"href":"https:\/\/www.feuerwehrkostheim.de\/index.php?rest_route=\/wp\/v2\/posts\/2486","targetHints":{"allow":["GET"]}}],"collection":[{"href":"https:\/\/www.feuerwehrkostheim.de\/index.php?rest_route=\/wp\/v2\/posts"}],"about":[{"href":"https:\/\/www.feuerwehrkostheim.de\/index.php?rest_route=\/wp\/v2\/types\/post"}],"author":[{"embeddable":true,"href":"https:\/\/www.feuerwehrkostheim.de\/index.php?rest_route=\/wp\/v2\/users\/1"}],"replies":[{"embeddable":true,"href":"https:\/\/www.feuerwehrkostheim.de\/index.php?rest_route=%2Fwp%2Fv2%2Fcomments&post=2486"}],"version-history":[{"count":0,"href":"https:\/\/www.feuerwehrkostheim.de\/index.php?rest_route=\/wp\/v2\/posts\/2486\/revisions"}],"wp:attachment":[{"href":"https:\/\/www.feuerwehrkostheim.de\/index.php?rest_route=%2Fwp%2Fv2%2Fmedia&parent=2486"}],"wp:term":[{"taxonomy":"category","embeddable":true,"href":"https:\/\/www.feuerwehrkostheim.de\/index.php?rest_route=%2Fwp%2Fv2%2Fcategories&post=2486"},{"taxonomy":"post_tag","embeddable":true,"href":"https:\/\/www.feuerwehrkostheim.de\/index.php?rest_route=%2Fwp%2Fv2%2Ftags&post=2486"}],"curies":[{"name":"wp","href":"https:\/\/api.w.org\/{rel}","templated":true}]}}