{"id":2463,"date":"2015-03-28T16:55:22","date_gmt":"2015-03-28T14:55:22","guid":{"rendered":"http:\/\/www.feuerwehrkostheim.de\/?p=2463"},"modified":"2018-06-02T14:05:16","modified_gmt":"2018-06-02T13:05:16","slug":"rauchentwicklung-gemeldet-fehlalarm","status":"publish","type":"post","link":"https:\/\/www.feuerwehrkostheim.de\/?p=2463","title":{"rendered":"Rauchentwicklung gemeldet &#8211; Fehlalarm"},"content":{"rendered":"<p><img loading=\"lazy\" decoding=\"async\" class=\"alignleft\" title=\"Einsatz-Logo\" src=\"http:\/\/www.feuerwehrkostheim.de\/wp-content\/bilder\/sonstige\/logo_einsatz.jpg\" alt=\"Einsatz-Logo\" width=\"100\" height=\"100\" \/><strong>28. M\u00e4rz 2015 &#8211; 09:18 Uhr<\/strong><br \/>\n<strong>Im Sampel<\/strong><br \/>\nFF-Einheit<br \/>\nEinsatz 25 &#8211; 2015<\/p>\n<p>Am Samstagvormittag meldete ein Anrufer eine starke Rauchentwicklung im Bereich Im Sampel, woraufhin der L\u00f6schzug der Berufsfeuerwehr und die FF Kostheim alarmiert wurden. Als man vor Ort eintraf, konnte auf Anhieb nichts festgestellt werden. Eine \u00dcberpr\u00fcfung des n\u00e4heren Umfeldes brachte sodann die Erkl\u00e4rung. Ein bewachtes Nutzfeuer in der angrenzenden Gartenkolonie war die Ursache f\u00fcr die Rauchentwicklung. Der Einsatz konnte nach etwa 20 Minuten abgebrochen werden.<\/p>\n","protected":false},"excerpt":{"rendered":"<p>28. M\u00e4rz 2015 &#8211; 09:18 Uhr Im Sampel FF-Einheit Einsatz 25 &#8211; 2015 Am Samstagvormittag meldete ein Anrufer eine starke Rauchentwicklung im Bereich Im Sampel, woraufhin der L\u00f6schzug der Berufsfeuerwehr und die FF Kostheim alarmiert wurden. Als man vor Ort eintraf, konnte auf Anhieb nichts festgestellt werden. Eine \u00dcberpr\u00fcfung des n\u00e4heren Umfeldes brachte sodann die [&hellip;]<\/p>\n","protected":false},"author":1,"featured_media":0,"comment_status":"closed","ping_status":"open","sticky":false,"template":"","format":"standard","meta":{"_et_pb_use_builder":"","_et_pb_old_content":"","_et_gb_content_width":"","_crdt_document":"","footnotes":""},"categories":[5],"tags":[113,795,111],"class_list":["post-2463","post","type-post","status-publish","format-standard","hentry","category-einsatze","tag-fehlalarm","tag-gartenfeuer","tag-rauchentwicklung"],"_links":{"self":[{"href":"https:\/\/www.feuerwehrkostheim.de\/index.php?rest_route=\/wp\/v2\/posts\/2463","targetHints":{"allow":["GET"]}}],"collection":[{"href":"https:\/\/www.feuerwehrkostheim.de\/index.php?rest_route=\/wp\/v2\/posts"}],"about":[{"href":"https:\/\/www.feuerwehrkostheim.de\/index.php?rest_route=\/wp\/v2\/types\/post"}],"author":[{"embeddable":true,"href":"https:\/\/www.feuerwehrkostheim.de\/index.php?rest_route=\/wp\/v2\/users\/1"}],"replies":[{"embeddable":true,"href":"https:\/\/www.feuerwehrkostheim.de\/index.php?rest_route=%2Fwp%2Fv2%2Fcomments&post=2463"}],"version-history":[{"count":0,"href":"https:\/\/www.feuerwehrkostheim.de\/index.php?rest_route=\/wp\/v2\/posts\/2463\/revisions"}],"wp:attachment":[{"href":"https:\/\/www.feuerwehrkostheim.de\/index.php?rest_route=%2Fwp%2Fv2%2Fmedia&parent=2463"}],"wp:term":[{"taxonomy":"category","embeddable":true,"href":"https:\/\/www.feuerwehrkostheim.de\/index.php?rest_route=%2Fwp%2Fv2%2Fcategories&post=2463"},{"taxonomy":"post_tag","embeddable":true,"href":"https:\/\/www.feuerwehrkostheim.de\/index.php?rest_route=%2Fwp%2Fv2%2Ftags&post=2463"}],"curies":[{"name":"wp","href":"https:\/\/api.w.org\/{rel}","templated":true}]}}