{"id":2430,"date":"2015-02-10T21:23:14","date_gmt":"2015-02-10T19:23:14","guid":{"rendered":"http:\/\/www.feuerwehrkostheim.de\/?p=2430"},"modified":"2018-06-02T14:05:17","modified_gmt":"2018-06-02T13:05:17","slug":"gemeldete-rauchentwicklung-fehlalarm","status":"publish","type":"post","link":"https:\/\/www.feuerwehrkostheim.de\/?p=2430","title":{"rendered":"Gemeldete Rauchentwicklung &#8211; Fehlalarm"},"content":{"rendered":"<p><img loading=\"lazy\" decoding=\"async\" class=\"alignleft\" title=\"Einsatz-Logo\" src=\"http:\/\/www.feuerwehrkostheim.de\/wp-content\/bilder\/sonstige\/logo_einsatz.jpg\" alt=\"Einsatz-Logo\" width=\"100\" height=\"100\" \/><strong>10.\u00a0Februar 2015 &#8211; 13:07 Uhr<\/strong><br \/>\n<strong>Boelckestra\u00dfe<\/strong><br \/>\nFF-Einheit &#8211; Alarmgruppe mit FF Kastel<br \/>\nEinsatz 18 &#8211; 2015<\/p>\n<p>Genau 7 Stunden nach dem ersten Einsatz heute Morgen, ert\u00f6nten die Funkmeldeempf\u00e4nger der Kostheimer Feuerwehr erneut. Von einer Rettungswagenbesatzung bekam die Leitstelle eine Rauchentwicklung im Bereich gegen\u00fcber der ESSO-Tankstelle gemeldet. Ebenfalls alarmiert waren die Feuerwehr Kastel sowie der L\u00f6schzug der Berufsfeuerwehr. Die Kontrolle des gemeldeten Bereiches f\u00fchrte zu einem gewollten Abbrand, der beim Eintreffen der Feuerwehr schon gel\u00f6scht war. Alle Kr\u00e4fte konnten daraufhin einr\u00fccken<\/p>\n","protected":false},"excerpt":{"rendered":"<p>10.\u00a0Februar 2015 &#8211; 13:07 Uhr Boelckestra\u00dfe FF-Einheit &#8211; Alarmgruppe mit FF Kastel Einsatz 18 &#8211; 2015 Genau 7 Stunden nach dem ersten Einsatz heute Morgen, ert\u00f6nten die Funkmeldeempf\u00e4nger der Kostheimer Feuerwehr erneut. Von einer Rettungswagenbesatzung bekam die Leitstelle eine Rauchentwicklung im Bereich gegen\u00fcber der ESSO-Tankstelle gemeldet. Ebenfalls alarmiert waren die Feuerwehr Kastel sowie der L\u00f6schzug [&hellip;]<\/p>\n","protected":false},"author":1,"featured_media":0,"comment_status":"closed","ping_status":"open","sticky":false,"template":"","format":"standard","meta":{"_et_pb_use_builder":"","_et_pb_old_content":"","_et_gb_content_width":"","_crdt_document":"","footnotes":""},"categories":[5],"tags":[111],"class_list":["post-2430","post","type-post","status-publish","format-standard","hentry","category-einsatze","tag-rauchentwicklung"],"_links":{"self":[{"href":"https:\/\/www.feuerwehrkostheim.de\/index.php?rest_route=\/wp\/v2\/posts\/2430","targetHints":{"allow":["GET"]}}],"collection":[{"href":"https:\/\/www.feuerwehrkostheim.de\/index.php?rest_route=\/wp\/v2\/posts"}],"about":[{"href":"https:\/\/www.feuerwehrkostheim.de\/index.php?rest_route=\/wp\/v2\/types\/post"}],"author":[{"embeddable":true,"href":"https:\/\/www.feuerwehrkostheim.de\/index.php?rest_route=\/wp\/v2\/users\/1"}],"replies":[{"embeddable":true,"href":"https:\/\/www.feuerwehrkostheim.de\/index.php?rest_route=%2Fwp%2Fv2%2Fcomments&post=2430"}],"version-history":[{"count":0,"href":"https:\/\/www.feuerwehrkostheim.de\/index.php?rest_route=\/wp\/v2\/posts\/2430\/revisions"}],"wp:attachment":[{"href":"https:\/\/www.feuerwehrkostheim.de\/index.php?rest_route=%2Fwp%2Fv2%2Fmedia&parent=2430"}],"wp:term":[{"taxonomy":"category","embeddable":true,"href":"https:\/\/www.feuerwehrkostheim.de\/index.php?rest_route=%2Fwp%2Fv2%2Fcategories&post=2430"},{"taxonomy":"post_tag","embeddable":true,"href":"https:\/\/www.feuerwehrkostheim.de\/index.php?rest_route=%2Fwp%2Fv2%2Ftags&post=2430"}],"curies":[{"name":"wp","href":"https:\/\/api.w.org\/{rel}","templated":true}]}}