{"id":2408,"date":"2015-01-25T19:20:14","date_gmt":"2015-01-25T17:20:14","guid":{"rendered":"http:\/\/www.feuerwehrkostheim.de\/?p=2408"},"modified":"2018-06-02T14:05:18","modified_gmt":"2018-06-02T13:05:18","slug":"mitgliederversammlungen-von-einsatzabteilung-und-verein-auszeichnungen-mit-katastrophenschutzmedallie","status":"publish","type":"post","link":"https:\/\/www.feuerwehrkostheim.de\/?p=2408","title":{"rendered":"Mitgliederversammlungen von Einsatzabteilung und Verein &#8211; Auszeichnungen mit Katastrophenschutzmedallie"},"content":{"rendered":"<p><img loading=\"lazy\" decoding=\"async\" class=\"alignright size-full wp-image-1965\" src=\"http:\/\/www.feuerwehrkostheim.de\/wp-content\/uploads\/2014\/05\/FlorianWappen-or-klein-180.jpg\" alt=\"FlorianWappen Klein\" width=\"180\" height=\"180\" srcset=\"https:\/\/www.feuerwehrkostheim.de\/wp-content\/uploads\/2014\/05\/FlorianWappen-or-klein-180.jpg 180w, https:\/\/www.feuerwehrkostheim.de\/wp-content\/uploads\/2014\/05\/FlorianWappen-or-klein-180-150x150.jpg 150w\" sizes=\"(max-width: 180px) 100vw, 180px\" \/>Bei den diesj\u00e4hrigen Mitgliederversammlungen der Kostheimer Feuerwehr stand vor allem der R\u00fcckblick auf ein \u00e4u\u00dferst arbeitsreiches Jahr im Fokus. Im \u00f6ffentlich-rechtlichen Teil \u2013 der Einsatzabteilung \u2013 zeigte Wehrf\u00fchrer Torsten Krimmel auf, wieviel Freizeit die mittlerweile 36 aktiven Kameraden im vergangenen Jahr aufgebracht hatten. Neben der Vielzahl an Unterrichts- und \u00dcbungseinheiten sowie den w\u00f6chentlich stattfinden Reinigungsdiensten schlugen auch die 133 Eins\u00e4tze in 2014 zu Buche. Insgesamt kam so eine Gesamtsumme von 5611 geleisteten Stunden zusammen. Bei den Alarmierungen war das komplette Einsatzspektrum im Vorjahr vertreten. Von Klein- und Mittelbr\u00e4nden \u00fcber Gro\u00dfbr\u00e4nde, Fehlalarmierungen, Bootseins\u00e4tzen und Wachbestzungen bis hin zu der Unwetterserie Mitte des Jahres \u2013 die Kameraden wurden auf allen Gebieten Ihres K\u00f6nnens gefordert.<br \/>\nDass es nicht nur bei der Einsatzabteilung hoch her ging, zeigten die Berichte des Jugendwartes und Bambinibeteuers sowie des Vertreters der Ehren- und Altersabteilung. In den Nachwuchsabteilungen wurden im letzten Jahr ebenfalls eine Vielzahl an Aktivit\u00e4ten veranstaltet und anhand pr\u00e4sentierter Bilder veranschaulicht. Derzeit befinden sich 16 Mitglieder in der Jugendfeuerwehr sowie 8 Mitglieder bei den Bambinis.<\/p>\n<p><!--more-->Brandamtsrat Stefan Baas, der in Vertretung des Oberb\u00fcrgermeisters sowie des Amtsleiters der Versammlung beiwohnte, lobte die Kostheimer Wehr als schlagfertige und engagierte Truppe. Den hohen Ausbildungsstand konnte er bei einigen gemeinsamen Eins\u00e4tzen in letzter Zeit bezeugen. Er dankte den aktiven f\u00fcr deren geleistete Arbeit und ermuntert sie, auch in Zukunft das gleiche Engagement in das etwas andere Hobby \u2013 der Hilfe anderer \u2013 zu investieren.<br \/>\nStadtbrandinspektor und ehemaliger Wehrf\u00fchrer der Kostheimer Wehr Thomas Stein, richtete den Fokus in seiner Gru\u00dfrede ebenfalls auf das im Vorjahr geleistete. Die im Juni und Juli stattgefundene Unwetterserie, wurde von den Kostheimern vorbildlich mit gemeistert. Dabei waren sie weit \u00fcber die Ortsgrenzen hinaus an der Beseitigung der Sch\u00e4den beteiligt \u2013 und dies teilweise mehrmals in einer Woche.<\/p>\n<p><a href=\"http:\/\/www.feuerwehrkostheim.de\/wp-content\/uploads\/2015\/01\/MST_4651-2.jpg\" target=\"_blank\"><img loading=\"lazy\" decoding=\"async\" class=\" size-medium wp-image-2406 alignleft\" src=\"http:\/\/www.feuerwehrkostheim.de\/wp-content\/uploads\/2015\/01\/MST_4651-2-300x199.jpg\" alt=\"2015-01-25 Ehrungen KS\" width=\"300\" height=\"199\" srcset=\"https:\/\/www.feuerwehrkostheim.de\/wp-content\/uploads\/2015\/01\/MST_4651-2-300x199.jpg 300w, https:\/\/www.feuerwehrkostheim.de\/wp-content\/uploads\/2015\/01\/MST_4651-2-1024x678.jpg 1024w, https:\/\/www.feuerwehrkostheim.de\/wp-content\/uploads\/2015\/01\/MST_4651-2.jpg 1280w\" sizes=\"(max-width: 300px) 100vw, 300px\" \/><\/a>Zum Schluss des ersten Sitzungsteils, der durch einen Einsatz kurzzeitig unterbrochen werden musste, zeichnete der Vertreter der Berufsfeuerwehr gemeinsam mit dem Stadtbrandinspektor sechs Kameraden mit der Katastrophenschutzmedaille aus. F\u00fcr mindestens 10 Jahre aktiven Dienst in einer Katastrophenschutzeinheit bekamen Mathias Jost, Christian Schmitt, Rebecca Jungbluth und Michael Stark die Auszeichnung in Bronze. Mit Silber wurden die Kameraden J\u00fcrgen Balz und Gerd Jungbluth f\u00fcr mindestens 25 Jahre aktive Unterst\u00fctzung geehrt.<\/p>\n<p>Nach einer kurzen Pause folgte direkt die Jahreshauptversammlung des F\u00f6rdervereins. Hier wurden den anwesenden Mitgliedern ebenfalls die Berichte der einzelnen Abteilungen vorgestellt. Anhand von Bild- und Videopr\u00e4sentationen erhielten sie einen detaillierten Einblick in die unterschiedlichsten T\u00e4tigkeitsfelder ihrer Feuerwehr. Im Anschluss an die Ausf\u00fchrungen von Schriftf\u00fchrer und Kassierer stand noch die Beratung \u00fcber eine Satzungs\u00e4nderung an. Durch Vorgaben des Finanzamtes ausgel\u00f6st, entschloss sich der Vorstand einer kompletten \u00dcberarbeitung. Nach erfolgter Abstimmung schloss der Vorsitzende und Wehrf\u00fchrer Torsten Krimmel die Versammlung und verwies schon einmal auf den anstehenden Tag der offenen T\u00fcr, den die Feuerwehr in diesem Jahr wieder an Christi Himmelfahrt veranstalte.<\/p>\n","protected":false},"excerpt":{"rendered":"<p>Bei den diesj\u00e4hrigen Mitgliederversammlungen der Kostheimer Feuerwehr stand vor allem der R\u00fcckblick auf ein \u00e4u\u00dferst arbeitsreiches Jahr im Fokus. Im \u00f6ffentlich-rechtlichen Teil \u2013 der Einsatzabteilung \u2013 zeigte Wehrf\u00fchrer Torsten Krimmel auf, wieviel Freizeit die mittlerweile 36 aktiven Kameraden im vergangenen Jahr aufgebracht hatten. Neben der Vielzahl an Unterrichts- und \u00dcbungseinheiten sowie den w\u00f6chentlich stattfinden Reinigungsdiensten [&hellip;]<\/p>\n","protected":false},"author":1,"featured_media":0,"comment_status":"closed","ping_status":"open","sticky":false,"template":"","format":"standard","meta":{"_et_pb_use_builder":"","_et_pb_old_content":"","_et_gb_content_width":"","_crdt_document":"","footnotes":""},"categories":[4,9,10],"tags":[171,191,649,791,790,192],"class_list":["post-2408","post","type-post","status-publish","format-standard","hentry","category-einsatzabteilung","category-veranstaltungen","category-verein","tag-ehrungen","tag-jahreshauptversammlung","tag-katastrophenschutz","tag-ks-medaille","tag-medaille","tag-versammlung"],"_links":{"self":[{"href":"https:\/\/www.feuerwehrkostheim.de\/index.php?rest_route=\/wp\/v2\/posts\/2408","targetHints":{"allow":["GET"]}}],"collection":[{"href":"https:\/\/www.feuerwehrkostheim.de\/index.php?rest_route=\/wp\/v2\/posts"}],"about":[{"href":"https:\/\/www.feuerwehrkostheim.de\/index.php?rest_route=\/wp\/v2\/types\/post"}],"author":[{"embeddable":true,"href":"https:\/\/www.feuerwehrkostheim.de\/index.php?rest_route=\/wp\/v2\/users\/1"}],"replies":[{"embeddable":true,"href":"https:\/\/www.feuerwehrkostheim.de\/index.php?rest_route=%2Fwp%2Fv2%2Fcomments&post=2408"}],"version-history":[{"count":0,"href":"https:\/\/www.feuerwehrkostheim.de\/index.php?rest_route=\/wp\/v2\/posts\/2408\/revisions"}],"wp:attachment":[{"href":"https:\/\/www.feuerwehrkostheim.de\/index.php?rest_route=%2Fwp%2Fv2%2Fmedia&parent=2408"}],"wp:term":[{"taxonomy":"category","embeddable":true,"href":"https:\/\/www.feuerwehrkostheim.de\/index.php?rest_route=%2Fwp%2Fv2%2Fcategories&post=2408"},{"taxonomy":"post_tag","embeddable":true,"href":"https:\/\/www.feuerwehrkostheim.de\/index.php?rest_route=%2Fwp%2Fv2%2Ftags&post=2408"}],"curies":[{"name":"wp","href":"https:\/\/api.w.org\/{rel}","templated":true}]}}