{"id":2394,"date":"2015-01-12T18:55:25","date_gmt":"2015-01-12T16:55:25","guid":{"rendered":"http:\/\/www.feuerwehrkostheim.de\/?p=2394"},"modified":"2018-06-02T14:05:18","modified_gmt":"2018-06-02T13:05:18","slug":"jugendfeuerwehr-sammelte-weihnachtsbaeume","status":"publish","type":"post","link":"https:\/\/www.feuerwehrkostheim.de\/?p=2394","title":{"rendered":"Jugendfeuerwehr sammelte Weihnachtsb\u00e4ume"},"content":{"rendered":"<p><a title=\"Weihnachtsbaumsammlung - 10.01.15 by FF-Kostheim, on Flickr\" href=\"https:\/\/www.flickr.com\/photos\/ffkostheim\/sets\/72157650309708876\/\" target=\"_blank\"><img loading=\"lazy\" decoding=\"async\" class=\" alignleft\" src=\"https:\/\/farm8.staticflickr.com\/7545\/16317891382_afa8bc88de_m.jpg\" alt=\"Weihnachtsbaumsammlung - 10.01.15\" width=\"159\" height=\"240\" \/><\/a> Am zweiten Wochenende im Januar sammelte die Jugendfeuerwehr Kostheim in Verbindung mit einem Presswagen der ELW wieder die ausgedienten Weihnachtsb\u00e4ume der Kostheimer B\u00fcrger ein. Wie in den Jahren zuvor, wurden mit zwei Traktoren die Stra\u00dfen von Kostheim abgefahren. Als die Anh\u00e4nger der Traktoren voll waren, traf man sich am ehemaligen Kl\u00e4rwerk mit den Mitarbeiten der ELW um den Anh\u00e4nger f\u00fcr die n\u00e4chste Tour zu leeren.<\/p>\n<p><!--more--><\/p>\n<p><a title=\"Weihnachtsbaumsammlung - 10.01.15 by FF-Kostheim, on Flickr\" href=\"https:\/\/www.flickr.com\/photos\/ffkostheim\/sets\/72157650309708876\/\" target=\"_blank\"><img loading=\"lazy\" decoding=\"async\" class=\" alignright\" src=\"https:\/\/farm8.staticflickr.com\/7570\/16316971381_6aee6d4b4e_m.jpg\" alt=\"Weihnachtsbaumsammlung - 10.01.15\" width=\"159\" height=\"240\" \/><\/a> Unerwarteten Besuch bekamen die Jugendlichen an der Maria Hilf Kirche von Svenja M\u00fcnzer, die derzeit an der Hochschule Mainz Kommunikationsdesign studiert. Sie berichtet, dass sie zurzeit an einem Fotoprojekt zum Thema Weihnachtsb\u00e4ume teilnimmt und den Weg des Weihnachtsbaumes von der Plantage bis zur Entsorgung fotografisch begleitet. Daraufhin begleitete sie die Jugendlichen den Rest des Tages.<br \/>\nUm die Mittagszeit nahm man eine St\u00e4rkung in Form einer Gulaschsuppe zu sich. Anschlie\u00dfend machte man sich wieder auf den Weg die verbliebenen Stra\u00dfen abzufahren. Auch die im November von der Einsatzabteilung aufgestellten Tannenb\u00e4ume am Kostheimer B\u00fcrgerhaus sowie am Weinstand, wurden wieder umgelegt, zerkleinert und der Entsorgung zugef\u00fchrt.<\/p>\n<p>Die Jugendfeuerwehr Kostheim bedankt sich bei der Firma \u201eDie-Rasenpartner\u201c und Ortslandwirt H\u00fcbner aus Ginsheim f\u00fcr das zur Verf\u00fcgung stellen der Traktoren und Anh\u00e4nger, sowie dem Team der ELW mit ihrem Presswagen. Ein Dank geht auch an die Kostheimer B\u00fcrger, die mit einer Spende unsere Nachwuchsabteilung unterst\u00fctzt haben. Ein besonderer Dank geht an Svenja M\u00fcnzer, die ihre geschossenen Bilder zur Verf\u00fcgung stellt und sich auch in Zukunft weitere interessante Projektthemen rund um die Feuerwehr vorstellen kann.<\/p>\n","protected":false},"excerpt":{"rendered":"<p>Am zweiten Wochenende im Januar sammelte die Jugendfeuerwehr Kostheim in Verbindung mit einem Presswagen der ELW wieder die ausgedienten Weihnachtsb\u00e4ume der Kostheimer B\u00fcrger ein. Wie in den Jahren zuvor, wurden mit zwei Traktoren die Stra\u00dfen von Kostheim abgefahren. Als die Anh\u00e4nger der Traktoren voll waren, traf man sich am ehemaligen Kl\u00e4rwerk mit den Mitarbeiten der [&hellip;]<\/p>\n","protected":false},"author":1,"featured_media":0,"comment_status":"closed","ping_status":"open","sticky":false,"template":"","format":"standard","meta":{"_et_pb_use_builder":"","_et_pb_old_content":"","_et_gb_content_width":"","_crdt_document":"","footnotes":""},"categories":[7],"tags":[828,276,52],"class_list":["post-2394","post","type-post","status-publish","format-standard","hentry","category-jugendfeuerwehr","tag-jugendfeuerwehr","tag-weihnachtsbaum","tag-weihnachtsbaumsammlung"],"_links":{"self":[{"href":"https:\/\/www.feuerwehrkostheim.de\/index.php?rest_route=\/wp\/v2\/posts\/2394","targetHints":{"allow":["GET"]}}],"collection":[{"href":"https:\/\/www.feuerwehrkostheim.de\/index.php?rest_route=\/wp\/v2\/posts"}],"about":[{"href":"https:\/\/www.feuerwehrkostheim.de\/index.php?rest_route=\/wp\/v2\/types\/post"}],"author":[{"embeddable":true,"href":"https:\/\/www.feuerwehrkostheim.de\/index.php?rest_route=\/wp\/v2\/users\/1"}],"replies":[{"embeddable":true,"href":"https:\/\/www.feuerwehrkostheim.de\/index.php?rest_route=%2Fwp%2Fv2%2Fcomments&post=2394"}],"version-history":[{"count":0,"href":"https:\/\/www.feuerwehrkostheim.de\/index.php?rest_route=\/wp\/v2\/posts\/2394\/revisions"}],"wp:attachment":[{"href":"https:\/\/www.feuerwehrkostheim.de\/index.php?rest_route=%2Fwp%2Fv2%2Fmedia&parent=2394"}],"wp:term":[{"taxonomy":"category","embeddable":true,"href":"https:\/\/www.feuerwehrkostheim.de\/index.php?rest_route=%2Fwp%2Fv2%2Fcategories&post=2394"},{"taxonomy":"post_tag","embeddable":true,"href":"https:\/\/www.feuerwehrkostheim.de\/index.php?rest_route=%2Fwp%2Fv2%2Ftags&post=2394"}],"curies":[{"name":"wp","href":"https:\/\/api.w.org\/{rel}","templated":true}]}}