{"id":2353,"date":"2015-01-05T18:34:13","date_gmt":"2015-01-05T16:34:13","guid":{"rendered":"http:\/\/www.feuerwehrkostheim.de\/?p=2353"},"modified":"2018-06-02T14:05:19","modified_gmt":"2018-06-02T13:05:19","slug":"gemeldeter-lagerhallenbrand-am-kasteler-bahnhof-fehlalarm","status":"publish","type":"post","link":"https:\/\/www.feuerwehrkostheim.de\/?p=2353","title":{"rendered":"Gemeldeter Lagerhallenbrand am Kasteler Bahnhof &#8211; Fehlalarm"},"content":{"rendered":"<p><img loading=\"lazy\" decoding=\"async\" class=\"alignleft\" title=\"Einsatz-Logo\" src=\"http:\/\/www.feuerwehrkostheim.de\/wp-content\/bilder\/sonstige\/logo_einsatz.jpg\" alt=\"Einsatz-Logo\" width=\"100\" height=\"100\" \/><strong>05. Januar 2015 &#8211; 15:55 Uhr<\/strong><br \/>\n<strong>Eisenbahnstra\u00dfe 7<\/strong><br \/>\nFF-Einheit &#8211; Alarmgruppe mit FF Kastel<br \/>\nEinsatz 05 &#8211; 2015<\/p>\n<p>Am Montagnachmittag ging bei der Zentralen Leitstelle ein Notruf ein, der von einem Feuer in der Lagerhalle hinter dem Kasteler Bahnhof berichtete. Die alarmierten Einheiten der Berufsfeuerwehr sowie den freiwilligen Wehren Kostheim und Kastel trafen wenige Minuten sp\u00e4ter vor Ort ein. Auch nach intensiver \u00dcberpr\u00fcfung der angrenzenden Bereiche konnte nichts festgestellt werden. Es kann nicht ausgeschlossen werden, dass es sich bei dem Anruf um groben Unfug handelte. Daraufhin konnten die Kr\u00e4fte wieder zu ihren Standorten einr\u00fccken.<\/p>\n","protected":false},"excerpt":{"rendered":"<p>05. Januar 2015 &#8211; 15:55 Uhr Eisenbahnstra\u00dfe 7 FF-Einheit &#8211; Alarmgruppe mit FF Kastel Einsatz 05 &#8211; 2015 Am Montagnachmittag ging bei der Zentralen Leitstelle ein Notruf ein, der von einem Feuer in der Lagerhalle hinter dem Kasteler Bahnhof berichtete. Die alarmierten Einheiten der Berufsfeuerwehr sowie den freiwilligen Wehren Kostheim und Kastel trafen wenige Minuten [&hellip;]<\/p>\n","protected":false},"author":1,"featured_media":0,"comment_status":"closed","ping_status":"open","sticky":false,"template":"","format":"standard","meta":{"_et_pb_use_builder":"","_et_pb_old_content":"","_et_gb_content_width":"","_crdt_document":"","footnotes":""},"categories":[5],"tags":[110,112,113,480],"class_list":["post-2353","post","type-post","status-publish","format-standard","hentry","category-einsatze","tag-alarmgruppe","tag-brandverdacht","tag-fehlalarm","tag-unfug"],"_links":{"self":[{"href":"https:\/\/www.feuerwehrkostheim.de\/index.php?rest_route=\/wp\/v2\/posts\/2353","targetHints":{"allow":["GET"]}}],"collection":[{"href":"https:\/\/www.feuerwehrkostheim.de\/index.php?rest_route=\/wp\/v2\/posts"}],"about":[{"href":"https:\/\/www.feuerwehrkostheim.de\/index.php?rest_route=\/wp\/v2\/types\/post"}],"author":[{"embeddable":true,"href":"https:\/\/www.feuerwehrkostheim.de\/index.php?rest_route=\/wp\/v2\/users\/1"}],"replies":[{"embeddable":true,"href":"https:\/\/www.feuerwehrkostheim.de\/index.php?rest_route=%2Fwp%2Fv2%2Fcomments&post=2353"}],"version-history":[{"count":0,"href":"https:\/\/www.feuerwehrkostheim.de\/index.php?rest_route=\/wp\/v2\/posts\/2353\/revisions"}],"wp:attachment":[{"href":"https:\/\/www.feuerwehrkostheim.de\/index.php?rest_route=%2Fwp%2Fv2%2Fmedia&parent=2353"}],"wp:term":[{"taxonomy":"category","embeddable":true,"href":"https:\/\/www.feuerwehrkostheim.de\/index.php?rest_route=%2Fwp%2Fv2%2Fcategories&post=2353"},{"taxonomy":"post_tag","embeddable":true,"href":"https:\/\/www.feuerwehrkostheim.de\/index.php?rest_route=%2Fwp%2Fv2%2Ftags&post=2353"}],"curies":[{"name":"wp","href":"https:\/\/api.w.org\/{rel}","templated":true}]}}