{"id":2323,"date":"2015-01-01T18:01:15","date_gmt":"2015-01-01T16:01:15","guid":{"rendered":"http:\/\/www.feuerwehrkostheim.de\/?p=2323"},"modified":"2018-06-02T14:05:50","modified_gmt":"2018-06-02T13:05:50","slug":"erster-einsatz-wachbesetzung-feuerwehr-als-zielscheibe-fuer-boeller","status":"publish","type":"post","link":"https:\/\/www.feuerwehrkostheim.de\/?p=2323","title":{"rendered":"Erster Einsatz Wachbesetzung &#8211; Feuerwehr als Zielscheibe f\u00fcr B\u00f6ller"},"content":{"rendered":"<p><img loading=\"lazy\" decoding=\"async\" class=\"alignleft\" title=\"Einsatz-Logo\" src=\"http:\/\/www.feuerwehrkostheim.de\/wp-content\/bilder\/sonstige\/logo_einsatz.jpg\" alt=\"Einsatz-Logo\" width=\"100\" height=\"100\" \/><strong>01. Januar 2015 &#8211; 01:21 Uhr<\/strong><br \/>\n<strong>Feuerwache 2<\/strong><br \/>\nFF-Einheit<br \/>\nEinsatz 01 &#8211; 2015<\/p>\n<p><a href=\"http:\/\/www.feuerwehrkostheim.de\/wp-content\/uploads\/2015\/01\/DSCF4403.jpg\"><img loading=\"lazy\" decoding=\"async\" class=\"alignright size-medium wp-image-2324\" src=\"http:\/\/www.feuerwehrkostheim.de\/wp-content\/uploads\/2015\/01\/DSCF4403-300x225.jpg\" alt=\"DSCF4403\" width=\"300\" height=\"225\" srcset=\"https:\/\/www.feuerwehrkostheim.de\/wp-content\/uploads\/2015\/01\/DSCF4403-300x225.jpg 300w, https:\/\/www.feuerwehrkostheim.de\/wp-content\/uploads\/2015\/01\/DSCF4403-1024x768.jpg 1024w\" sizes=\"(max-width: 300px) 100vw, 300px\" \/><\/a>Nachdem der letzte Tag des Jahres 2014 schon ereignisreich war, lie\u00df der erste Einsatz im neuen Jahr nicht lange auf sich warten. Aufgrund der hohen Einsatzt\u00e4tigkeit zum Jahreswechsel, wurde die Kostheimer Feuerwehr zur Besetzung der Feuerwache 2 alarmiert. Mit 21 Kameraden und allen drei Fahrzeugen fuhren sie in die Kasteler St.-Florian-Stra\u00dfe. In der einen Stunde die verging, bis man wieder einr\u00fccken konnte, blieben zum Gl\u00fcck die Alarmlichter aus und musste kein Einsatz abgearbeitet werden.<\/p>\n<p>Auf der R\u00fcckfahrt zum Ger\u00e4tehaus, machte man auch in diesem Jahr wieder die erschreckende Erfahrung, dass man mittlerweile gerne als Zielobjekt f\u00fcr Feuerwerksb\u00f6ller dient. In der Uthmannstra\u00dfe wurde das erste vorbeifahrende L\u00f6schfahrzeug von einer Gruppe Jugendlicher mit B\u00f6llern beworfen.<\/p>\n<p><!--more-->Nach dem Anhalten machte sich der erste Teil der hirnlosen bereits auf die Flucht, die restlichen f\u00fchlten sich so stark, dass sie sich sogar noch lauthals vor die Verantwortlichen Feuerwehrkameraden stellten. Nachdem der Griff zum Telefon erfolgte, um Unterst\u00fctzung durch die Polizei zu bekommen, nutzte nun auch der Rest der Bande um die Flucht zu ergreifen. Auch das schnelle Verfolgen der minderj\u00e4hrigen Halbstarken mit der kompletten Mannschaft blieb dennoch ohne Erfolg &#8211; sie konnten nicht mehr aufgesp\u00fcrt werden. Die eingetroffene Polizeistreife berichtet ebenfalls von gleicher Problematik schon am Vortag. Es ist ein immer st\u00e4rker auftretender Trend, dass Hilfskr\u00e4fte leider gerne als Zielscheibe genutzt werden.<\/p>\n","protected":false},"excerpt":{"rendered":"<p>01. Januar 2015 &#8211; 01:21 Uhr Feuerwache 2 FF-Einheit Einsatz 01 &#8211; 2015 Nachdem der letzte Tag des Jahres 2014 schon ereignisreich war, lie\u00df der erste Einsatz im neuen Jahr nicht lange auf sich warten. Aufgrund der hohen Einsatzt\u00e4tigkeit zum Jahreswechsel, wurde die Kostheimer Feuerwehr zur Besetzung der Feuerwache 2 alarmiert. Mit 21 Kameraden und [&hellip;]<\/p>\n","protected":false},"author":1,"featured_media":0,"comment_status":"closed","ping_status":"open","sticky":false,"template":"","format":"standard","meta":{"_et_pb_use_builder":"","_et_pb_old_content":"","_et_gb_content_width":"","_crdt_document":"","footnotes":""},"categories":[5],"tags":[782,781,47,243],"class_list":["post-2323","post","type-post","status-publish","format-standard","hentry","category-einsatze","tag-boeller","tag-feuerwerk","tag-silvester","tag-wachbesetzung"],"_links":{"self":[{"href":"https:\/\/www.feuerwehrkostheim.de\/index.php?rest_route=\/wp\/v2\/posts\/2323","targetHints":{"allow":["GET"]}}],"collection":[{"href":"https:\/\/www.feuerwehrkostheim.de\/index.php?rest_route=\/wp\/v2\/posts"}],"about":[{"href":"https:\/\/www.feuerwehrkostheim.de\/index.php?rest_route=\/wp\/v2\/types\/post"}],"author":[{"embeddable":true,"href":"https:\/\/www.feuerwehrkostheim.de\/index.php?rest_route=\/wp\/v2\/users\/1"}],"replies":[{"embeddable":true,"href":"https:\/\/www.feuerwehrkostheim.de\/index.php?rest_route=%2Fwp%2Fv2%2Fcomments&post=2323"}],"version-history":[{"count":0,"href":"https:\/\/www.feuerwehrkostheim.de\/index.php?rest_route=\/wp\/v2\/posts\/2323\/revisions"}],"wp:attachment":[{"href":"https:\/\/www.feuerwehrkostheim.de\/index.php?rest_route=%2Fwp%2Fv2%2Fmedia&parent=2323"}],"wp:term":[{"taxonomy":"category","embeddable":true,"href":"https:\/\/www.feuerwehrkostheim.de\/index.php?rest_route=%2Fwp%2Fv2%2Fcategories&post=2323"},{"taxonomy":"post_tag","embeddable":true,"href":"https:\/\/www.feuerwehrkostheim.de\/index.php?rest_route=%2Fwp%2Fv2%2Ftags&post=2323"}],"curies":[{"name":"wp","href":"https:\/\/api.w.org\/{rel}","templated":true}]}}