{"id":2315,"date":"2014-12-31T18:17:24","date_gmt":"2014-12-31T16:17:24","guid":{"rendered":"http:\/\/www.feuerwehrkostheim.de\/?p=2315"},"modified":"2018-06-02T14:05:50","modified_gmt":"2018-06-02T13:05:50","slug":"zimmerbrand-im-1-og-eine-person-schwer-verletzt","status":"publish","type":"post","link":"https:\/\/www.feuerwehrkostheim.de\/?p=2315","title":{"rendered":"Zimmerbrand im 1.OG &#8211; Brandopfer verstirbt wenige Stunden sp\u00e4ter"},"content":{"rendered":"<p><img loading=\"lazy\" decoding=\"async\" class=\"alignleft\" title=\"Einsatz-Logo\" src=\"http:\/\/www.feuerwehrkostheim.de\/wp-content\/bilder\/sonstige\/logo_einsatz.jpg\" alt=\"Einsatz-Logo\" width=\"100\" height=\"100\" \/><strong>31. Dezember 2014 &#8211; 13:16 Uhr<\/strong><br \/>\n<strong>Ludwigsplatz 13<\/strong><br \/>\nFF-Einheit &#8211; Alarmgruppe mit FF Kastel<br \/>\nEinsatz 133 &#8211; 2014<\/p>\n<p><a title=\"Zimmerbrand Ludwigsplatz - 31.12.14 by FF-Kostheim, on Flickr\" href=\"https:\/\/www.flickr.com\/photos\/ffkostheim\/sets\/72157647713197193\" target=\"_blank\"><img loading=\"lazy\" decoding=\"async\" class=\"alignright\" src=\"https:\/\/farm8.staticflickr.com\/7532\/16131012726_ea2f5e57b1_m.jpg\" alt=\"Zimmerbrand Ludwigsplatz - 31.12.14\" width=\"240\" height=\"159\" \/><\/a> Zu einer gemeldeten Rauchentwicklung in Verbindung mit dem Aufheulen von Rauchmeldern, wurden die Wehren Kostheim und Kastel, zusammen mit dem L\u00f6schzug der Wache 2 zum Kasteler Ludwigsplatz alarmiert. Vor Ort eingetroffen war das Treppenhaus des Mehrfamilienhauses bereits verraucht und es musste davon ausgegangen werden, dass sich noch Personen in der betroffenen Wohnung befinden.<\/p>\n<p><!--more--><a title=\"Zimmerbrand Ludwigsplatz - 31.12.14 by FF-Kostheim, on Flickr\" href=\"https:\/\/www.flickr.com\/photos\/ffkostheim\/sets\/72157647713197193\" target=\"_blank\"><img loading=\"lazy\" decoding=\"async\" class=\"alignleft\" src=\"https:\/\/farm9.staticflickr.com\/8640\/15969356518_15dd10abae_m.jpg\" alt=\"Zimmerbrand Ludwigsplatz - 31.12.14\" width=\"240\" height=\"159\" \/><\/a> Umgehend r\u00fcsteten sich zwei Trupps mit Atemschutz aus um die Menschenrettung einzuleiten. Unter Vornahme eines C-Rohres ging man in die Brandwohnung vor. Kurze Zeit sp\u00e4ter konnte eine Person bewusstlos im Brandzimmer vorgefunden werden. Sie wurde sofort aus dem Gefahrenbereich gebracht und dem Rettungsdienst \u00fcbergeben. Noch w\u00e4hrend die Reanimation eingeleitet wurde, forderte man f\u00fcr den Schwerstverletzten einen Rettungshubschrauber an. Christoph 77 aus Mainz landete wenige Minuten sp\u00e4ter auf dem Hof der Feuerwache 2, da ein direktes Landen am Einsatzort nicht m\u00f6glich gewesen w\u00e4re.<br \/>\nParallel zur Suche nach eventuell weiteren Personen in der Wohnung, konnte das Feuer &#8211; es brannten etwa zwei Quadratmeter Hausrat \u2013 schnell gel\u00f6scht werden. Als man sicher gehen konnte, dass sich niemand mehr in der Wohnung oder dem verrauchten Treppenhaus befand, leitete man umfassende L\u00fcftungsma\u00dfnahmen ein.<\/p>\n<p><a title=\"Zimmerbrand Ludwigsplatz - 31.12.14 by FF-Kostheim, on Flickr\" href=\"https:\/\/www.flickr.com\/photos\/ffkostheim\/sets\/72157647713197193\" target=\"_blank\"><img loading=\"lazy\" decoding=\"async\" class=\"alignright\" src=\"https:\/\/farm8.staticflickr.com\/7521\/15969491640_5ff6474afc_m.jpg\" alt=\"Zimmerbrand Ludwigsplatz - 31.12.14\" width=\"240\" height=\"135\" \/><\/a> Der erfolgreich reanimierte jedoch schwerstverletzte Bewohner wurde aufgrund seines lebensbedrohlichen Gesundheitszustandes, zuerst in die Zentrale Notaufnahme eines Wiesbadener Krankenhauses eingeliefert. Von hier aus sollte er noch in eine Spezialklinik nach Offenbach verlegt werden. Wegen seiner erlittenen CO-Vergiftung sowie der schwersten Verbrennungen, verstarb er jedoch nur wenige Stunden nach dem Brandereignis.<\/p>\n<p>Nach anderthalb Stunden war der Feuerwehreinsatz beendet und die Kr\u00e4fte r\u00fcckten ein. Die Ermittlungen zur Brandursache nahm die Kripo direkt nach Einsatzende auf. Der Sachschaden in der Wohnung wird auf etwa 10.000\u20ac beziffert.<\/p>\n<h5>+++++++<br \/>\n<em>Vielen Dank an das Team von <a href=\"http:\/\/www.wiesbaden112.de\" target=\"_blank\">Wiesbaden112.de<\/a> f\u00fcr die Zurverf\u00fcgungstellung von Bildmaterial.<\/em><\/h5>\n<p>&nbsp;<\/p>\n","protected":false},"excerpt":{"rendered":"<p>31. Dezember 2014 &#8211; 13:16 Uhr Ludwigsplatz 13 FF-Einheit &#8211; Alarmgruppe mit FF Kastel Einsatz 133 &#8211; 2014 Zu einer gemeldeten Rauchentwicklung in Verbindung mit dem Aufheulen von Rauchmeldern, wurden die Wehren Kostheim und Kastel, zusammen mit dem L\u00f6schzug der Wache 2 zum Kasteler Ludwigsplatz alarmiert. Vor Ort eingetroffen war das Treppenhaus des Mehrfamilienhauses bereits [&hellip;]<\/p>\n","protected":false},"author":1,"featured_media":0,"comment_status":"closed","ping_status":"open","sticky":false,"template":"","format":"standard","meta":{"_et_pb_use_builder":"","_et_pb_old_content":"","_et_gb_content_width":"","_crdt_document":"","footnotes":""},"categories":[5],"tags":[31,75,760],"class_list":["post-2315","post","type-post","status-publish","format-standard","hentry","category-einsatze","tag-feuer","tag-rettungshubschrauber","tag-verletzt"],"_links":{"self":[{"href":"https:\/\/www.feuerwehrkostheim.de\/index.php?rest_route=\/wp\/v2\/posts\/2315","targetHints":{"allow":["GET"]}}],"collection":[{"href":"https:\/\/www.feuerwehrkostheim.de\/index.php?rest_route=\/wp\/v2\/posts"}],"about":[{"href":"https:\/\/www.feuerwehrkostheim.de\/index.php?rest_route=\/wp\/v2\/types\/post"}],"author":[{"embeddable":true,"href":"https:\/\/www.feuerwehrkostheim.de\/index.php?rest_route=\/wp\/v2\/users\/1"}],"replies":[{"embeddable":true,"href":"https:\/\/www.feuerwehrkostheim.de\/index.php?rest_route=%2Fwp%2Fv2%2Fcomments&post=2315"}],"version-history":[{"count":0,"href":"https:\/\/www.feuerwehrkostheim.de\/index.php?rest_route=\/wp\/v2\/posts\/2315\/revisions"}],"wp:attachment":[{"href":"https:\/\/www.feuerwehrkostheim.de\/index.php?rest_route=%2Fwp%2Fv2%2Fmedia&parent=2315"}],"wp:term":[{"taxonomy":"category","embeddable":true,"href":"https:\/\/www.feuerwehrkostheim.de\/index.php?rest_route=%2Fwp%2Fv2%2Fcategories&post=2315"},{"taxonomy":"post_tag","embeddable":true,"href":"https:\/\/www.feuerwehrkostheim.de\/index.php?rest_route=%2Fwp%2Fv2%2Ftags&post=2315"}],"curies":[{"name":"wp","href":"https:\/\/api.w.org\/{rel}","templated":true}]}}