{"id":2313,"date":"2014-12-31T17:15:24","date_gmt":"2014-12-31T15:15:24","guid":{"rendered":"http:\/\/www.feuerwehrkostheim.de\/?p=2313"},"modified":"2018-06-02T14:05:50","modified_gmt":"2018-06-02T13:05:50","slug":"wachbesetzung-wegen-feuer-in-biebrich","status":"publish","type":"post","link":"https:\/\/www.feuerwehrkostheim.de\/?p=2313","title":{"rendered":"Wachbesetzung wegen Feuer in Biebrich"},"content":{"rendered":"<p><img loading=\"lazy\" decoding=\"async\" class=\"alignleft\" title=\"Einsatz-Logo\" src=\"http:\/\/www.feuerwehrkostheim.de\/wp-content\/bilder\/sonstige\/logo_einsatz.jpg\" alt=\"Einsatz-Logo\" width=\"100\" height=\"100\" \/><strong>31. Dezember 2014 &#8211; 03:41 Uhr<\/strong><br \/>\n<strong>Feuerwache 2<\/strong><br \/>\nFF-Einheit &#8211; Alarmgruppe mit FF-Kastel<br \/>\nEinsatz 132 &#8211; 2014<\/p>\n<p>Da der L\u00f6schzug der Wache 2 am fr\u00fchen Silvestermorgen bei einem Feuer in Wiesbaden-Biebrich l\u00e4ngere Zeit eingebunden war, alarmierte die Leitstelle die Wehren Kostheim und Kastel zur Besetzung der verwaisten Feuerwache in der St.-Florian-Stra\u00dfe. Mit einer beachtlichen Anzahl an Einsatzkr\u00e4ften wurde somit der Brandschutz im S\u00fcden der Stadt gew\u00e4hrleistet. Gl\u00fccklicherweise musste kein weiterer Einsatz gefahren werden. Nach etwa zwei Stunden trafen die Kameraden der Berufsfeuerwehr wieder in ihrer Heimatwache ein, sodass die Bereitschaft aufgehoben werden konnte.<br \/>\nDie Feuerwehr Kostheim war mit 23 Kameraden und allen drei Einsatzfahrzeugen nach Kastel ausger\u00fcckt.<\/p>\n","protected":false},"excerpt":{"rendered":"<p>31. Dezember 2014 &#8211; 03:41 Uhr Feuerwache 2 FF-Einheit &#8211; Alarmgruppe mit FF-Kastel Einsatz 132 &#8211; 2014 Da der L\u00f6schzug der Wache 2 am fr\u00fchen Silvestermorgen bei einem Feuer in Wiesbaden-Biebrich l\u00e4ngere Zeit eingebunden war, alarmierte die Leitstelle die Wehren Kostheim und Kastel zur Besetzung der verwaisten Feuerwache in der St.-Florian-Stra\u00dfe. Mit einer beachtlichen Anzahl [&hellip;]<\/p>\n","protected":false},"author":1,"featured_media":0,"comment_status":"closed","ping_status":"open","sticky":false,"template":"","format":"standard","meta":{"_et_pb_use_builder":"","_et_pb_old_content":"","_et_gb_content_width":"","_crdt_document":"","footnotes":""},"categories":[5],"tags":[110,243],"class_list":["post-2313","post","type-post","status-publish","format-standard","hentry","category-einsatze","tag-alarmgruppe","tag-wachbesetzung"],"_links":{"self":[{"href":"https:\/\/www.feuerwehrkostheim.de\/index.php?rest_route=\/wp\/v2\/posts\/2313","targetHints":{"allow":["GET"]}}],"collection":[{"href":"https:\/\/www.feuerwehrkostheim.de\/index.php?rest_route=\/wp\/v2\/posts"}],"about":[{"href":"https:\/\/www.feuerwehrkostheim.de\/index.php?rest_route=\/wp\/v2\/types\/post"}],"author":[{"embeddable":true,"href":"https:\/\/www.feuerwehrkostheim.de\/index.php?rest_route=\/wp\/v2\/users\/1"}],"replies":[{"embeddable":true,"href":"https:\/\/www.feuerwehrkostheim.de\/index.php?rest_route=%2Fwp%2Fv2%2Fcomments&post=2313"}],"version-history":[{"count":0,"href":"https:\/\/www.feuerwehrkostheim.de\/index.php?rest_route=\/wp\/v2\/posts\/2313\/revisions"}],"wp:attachment":[{"href":"https:\/\/www.feuerwehrkostheim.de\/index.php?rest_route=%2Fwp%2Fv2%2Fmedia&parent=2313"}],"wp:term":[{"taxonomy":"category","embeddable":true,"href":"https:\/\/www.feuerwehrkostheim.de\/index.php?rest_route=%2Fwp%2Fv2%2Fcategories&post=2313"},{"taxonomy":"post_tag","embeddable":true,"href":"https:\/\/www.feuerwehrkostheim.de\/index.php?rest_route=%2Fwp%2Fv2%2Ftags&post=2313"}],"curies":[{"name":"wp","href":"https:\/\/api.w.org\/{rel}","templated":true}]}}