{"id":230,"date":"2007-01-01T15:00:20","date_gmt":"2007-01-01T15:00:20","guid":{"rendered":"http:\/\/www.feuerwehrkostheim.de\/ffk\/?p=230"},"modified":"2018-06-02T14:09:49","modified_gmt":"2018-06-02T13:09:49","slug":"silvesternacht-20067-der-kostheimer-feuerwehr","status":"publish","type":"post","link":"https:\/\/www.feuerwehrkostheim.de\/?p=230","title":{"rendered":"Silvesternacht 2006\/7 der Kostheimer Feuerwehr"},"content":{"rendered":"<p><img loading=\"lazy\" decoding=\"async\" class=\"alignleft\" title=\"Einsatz-Logo\" src=\"http:\/\/www.feuerwehrkostheim.de\/wp-content\/bilder\/sonstige\/logo_einsatz.jpg\" alt=\"Einsatz-Logo\" width=\"100\" height=\"100\" \/><strong>31. Dezember 2006 &#8211; 21:16 Uhr \/ 01. Januar 2007 &#8211; 00:36 Uhr<\/strong><br \/>\n<strong>Waldhofstra\u00dfe<\/strong><\/p>\n<p>&nbsp;<\/p>\n<div style=\"width: 140px\" class=\"wp-caption alignright\"><img loading=\"lazy\" decoding=\"async\" class=\" \" src=\"http:\/\/www.feuerwehrkostheim.de\/wp-content\/bilder\/einsatzabteilung\/einsaetze\/061231_silvester\/061231_01.jpg\" alt=\"\" width=\"130\" height=\"172\" \/><p class=\"wp-caption-text\">Die erste Tonne<\/p><\/div>\n<p>Um den Jahreswechsel in geselliger Runde abhalten zu k\u00f6nnen, trafen sich eingie Aktive zusammen mit Ihren Angeh\u00f6rigen im Ger\u00e4tehaus. Die Feier wurde im Laufe der Nacht aber 2 mal durch kleinere Eins\u00e4tze unterbrochen.Noch vor dem Jahreswechsel musste eine brennende M\u00fclltonne in der Waldhofstra\u00dfe gel\u00f6scht werden.<!--more--><\/p>\n<div style=\"width: 140px\" class=\"wp-caption alignleft\"><img loading=\"lazy\" decoding=\"async\" class=\" \" src=\"http:\/\/www.feuerwehrkostheim.de\/wp-content\/bilder\/einsatzabteilung\/einsaetze\/061231_silvester\/061231_03.jpg\" alt=\"\" width=\"130\" height=\"171\" \/><p class=\"wp-caption-text\">&#8220;Brennender&#8221; Zaun<\/p><\/div>\n<p>Kurz nach dem Jahreswechsel musste die Wehr ein weiteres mal in die Waldhofstra\u00dfe ausr\u00fccken. Diesmal sollte ein Holzzaun brennen der in der n\u00e4he eines Fl\u00fcssiggastanks steht. Zum Gl\u00fcck wurde das &#8220;Feuer&#8221; nur in Form von einem Glutnest angetroffen. Somit konnte auch dieser Einsatz schnell abgearbeitet werden.<\/p>\n<div style=\"width: 140px\" class=\"wp-caption alignright\"><img loading=\"lazy\" decoding=\"async\" class=\" \" src=\"http:\/\/www.feuerwehrkostheim.de\/wp-content\/bilder\/einsatzabteilung\/einsaetze\/061231_silvester\/061231_02.jpg\" alt=\"\" width=\"130\" height=\"166\" \/><p class=\"wp-caption-text\">Die zweite Tonne<\/p><\/div>\n<p>Auf der R\u00fcckfahrt ins Ger\u00e4tehaus leisteten die Kostheimer noch Nachbarschaftshilfe, denn am Kasteller Paulusplatz stand ebenfalls noch ein M\u00fclleimer in Flammen. Die hierf\u00fcr alarmierte Kasteller Wehr brauchte nicht mehr eingreifen.<\/p>\n","protected":false},"excerpt":{"rendered":"<p>31. Dezember 2006 &#8211; 21:16 Uhr \/ 01. Januar 2007 &#8211; 00:36 Uhr Waldhofstra\u00dfe &nbsp; Um den Jahreswechsel in geselliger Runde abhalten zu k\u00f6nnen, trafen sich eingie Aktive zusammen mit Ihren Angeh\u00f6rigen im Ger\u00e4tehaus. Die Feier wurde im Laufe der Nacht aber 2 mal durch kleinere Eins\u00e4tze unterbrochen.Noch vor dem Jahreswechsel musste eine brennende M\u00fclltonne [&hellip;]<\/p>\n","protected":false},"author":1,"featured_media":0,"comment_status":"closed","ping_status":"open","sticky":false,"template":"","format":"standard","meta":{"_et_pb_use_builder":"","_et_pb_old_content":"","_et_gb_content_width":"","_crdt_document":"","footnotes":""},"categories":[5],"tags":[50,49,46,48,47],"class_list":["post-230","post","type-post","status-publish","format-standard","hentry","category-einsatze","tag-brand","tag-gmt","tag-jahreswechsel","tag-mulltonnen","tag-silvester"],"_links":{"self":[{"href":"https:\/\/www.feuerwehrkostheim.de\/index.php?rest_route=\/wp\/v2\/posts\/230","targetHints":{"allow":["GET"]}}],"collection":[{"href":"https:\/\/www.feuerwehrkostheim.de\/index.php?rest_route=\/wp\/v2\/posts"}],"about":[{"href":"https:\/\/www.feuerwehrkostheim.de\/index.php?rest_route=\/wp\/v2\/types\/post"}],"author":[{"embeddable":true,"href":"https:\/\/www.feuerwehrkostheim.de\/index.php?rest_route=\/wp\/v2\/users\/1"}],"replies":[{"embeddable":true,"href":"https:\/\/www.feuerwehrkostheim.de\/index.php?rest_route=%2Fwp%2Fv2%2Fcomments&post=230"}],"version-history":[{"count":0,"href":"https:\/\/www.feuerwehrkostheim.de\/index.php?rest_route=\/wp\/v2\/posts\/230\/revisions"}],"wp:attachment":[{"href":"https:\/\/www.feuerwehrkostheim.de\/index.php?rest_route=%2Fwp%2Fv2%2Fmedia&parent=230"}],"wp:term":[{"taxonomy":"category","embeddable":true,"href":"https:\/\/www.feuerwehrkostheim.de\/index.php?rest_route=%2Fwp%2Fv2%2Fcategories&post=230"},{"taxonomy":"post_tag","embeddable":true,"href":"https:\/\/www.feuerwehrkostheim.de\/index.php?rest_route=%2Fwp%2Fv2%2Ftags&post=230"}],"curies":[{"name":"wp","href":"https:\/\/api.w.org\/{rel}","templated":true}]}}