{"id":2281,"date":"2014-12-17T19:56:06","date_gmt":"2014-12-17T17:56:06","guid":{"rendered":"http:\/\/www.feuerwehrkostheim.de\/?p=2281"},"modified":"2018-06-02T14:05:50","modified_gmt":"2018-06-02T13:05:50","slug":"2014-ein-aussergewoehnliches-jahr-neigt-sich-dem-ende-entgegen","status":"publish","type":"post","link":"https:\/\/www.feuerwehrkostheim.de\/?p=2281","title":{"rendered":"2014 &#8211; ein au\u00dfergew\u00f6hnliches Jahr neigt sich dem Ende entgegen"},"content":{"rendered":"<p>Ein abwechslungsreiches und \u00e4u\u00dferst arbeitsintensives Jahr neigt sich f\u00fcr die Kostheimer Feuerwehr dem Ende entgegen. Obwohl sich die Einsatzzahlen im ersten Quartal noch normal entwickelten, zog die Anzahl der Eins\u00e4tze nach Ostern sprunghaft an.<\/p>\n<p><a href=\"http:\/\/www.feuerwehrkostheim.de\/wp-content\/uploads\/2014\/12\/Collage-2014.jpg\" target=\"_blank\"><img loading=\"lazy\" decoding=\"async\" class=\"alignleft wp-image-2291 size-medium\" src=\"http:\/\/www.feuerwehrkostheim.de\/wp-content\/uploads\/2014\/12\/Collage-2014-300x240.jpg\" alt=\"\" width=\"300\" height=\"240\" srcset=\"https:\/\/www.feuerwehrkostheim.de\/wp-content\/uploads\/2014\/12\/Collage-2014-300x240.jpg 300w, https:\/\/www.feuerwehrkostheim.de\/wp-content\/uploads\/2014\/12\/Collage-2014-1024x819.jpg 1024w\" sizes=\"(max-width: 300px) 100vw, 300px\" \/><\/a><\/p>\n<p>Doch die schon deutlich \u00fcberdurchschnittlichen 28 Alarmierungen im zweiten Quartal wurden schon im Folgequartal \u00fcbertroffen. Alleine in den 7 Wochen von Anfang Juli bis Mitte August wurde die Kostheimer Wehr im Schnitt jeden zweiten Tag alarmiert. Dabei waren mitunter Eins\u00e4tze die, bedingt durch diverse Unwetter, stundenlang andauerten. R\u00fcckwirkend betrachtet, brachte der Juli 2014 die Wiesbadener Feuerwehren an die Grenzen ihrer Belastbarkeit. Ein vom Oberb\u00fcrgermeister und Feuerwehrdezernenten Sven Gerich ausgerichtetes Helferfest im September, sollte den Einsatzkr\u00e4ften den entsprechenden Dank und die Anerkennung der geleisteten Arbeit aussprechen.<\/p>\n<p>Auch im Verlauf der Folgemonate blieb die Zahl der Alarmierungen auf hohem Niveau. Erst sp\u00e4t im Jahr gab es dann die ersehnte Ruhe. Von Anfang November bis Mitte Dezember verstrichen ganze 6 Wochen ohne jeglichen Einsatz \u2013 ganz ungew\u00f6hnlich im Vergleich zum Rest des Jahres. In Bezug auf die Einsatzarten stechen unweigerlich die unz\u00e4hligen Unwettereins\u00e4tze hervor. Neben drei Gro\u00dfbr\u00e4nden, mehreren angez\u00fcndeter M\u00fcllbeh\u00e4lter, Wachbesetzungen und weiteren offensichtlichen Brandstiftungen, war aber auch der ein oder andere Bootseinsatz zu bew\u00e4ltigen.<\/p>\n<p>Doch neben dem Einsatzgeschehen zeichnete sich das Jahr 2014 auch durch weitere Ver\u00e4nderungen aus. Der bisherige Wehrf\u00fchrer Thomas Stein wurde im M\u00e4rz zum Stadtbrandinspektor der Wiesbadener Freiwilligen Feuerwehren gew\u00e4hlt, worauf in Kostheim die Wehrf\u00fchrung neu aufgestellt werden musste. Torsten Krimmel und Michael Stark stehen fortan an der Spitze einer mit 34 Aktiven schlagfertigen Einsatzabteilung.<\/p>\n<div style=\"width: 570px\" class=\"wp-caption aligncenter\"><img loading=\"lazy\" decoding=\"async\" src=\"http:\/\/www.feuerwehrkostheim.de\/wp-content\/bilder\/sonstige\/allgemein\/2014_weihnachten.jpg\" alt=\"\" width=\"560\" height=\"371\" \/><p class=\"wp-caption-text\">Ihre Feuerwehr Kostheim<\/p><\/div>\n<h3 style=\"text-align: center;\"><strong><em>Die Feuerwehr Kostheim w\u00fcnscht allen B\u00fcrgern und Kameraden von Feuerwehr und anderen Hilfsorganisationen eine ruhige Restvorweihnachtszeit, besinnliche Weihnachtsfeiertage und einen guten Start ins neue Jahr 2015<\/em><\/strong><\/h3>\n","protected":false},"excerpt":{"rendered":"<p>Ein abwechslungsreiches und \u00e4u\u00dferst arbeitsintensives Jahr neigt sich f\u00fcr die Kostheimer Feuerwehr dem Ende entgegen. Obwohl sich die Einsatzzahlen im ersten Quartal noch normal entwickelten, zog die Anzahl der Eins\u00e4tze nach Ostern sprunghaft an. Doch die schon deutlich \u00fcberdurchschnittlichen 28 Alarmierungen im zweiten Quartal wurden schon im Folgequartal \u00fcbertroffen. Alleine in den 7 Wochen von [&hellip;]<\/p>\n","protected":false},"author":1,"featured_media":0,"comment_status":"closed","ping_status":"open","sticky":false,"template":"","format":"standard","meta":{"_et_pb_use_builder":"","_et_pb_old_content":"","_et_gb_content_width":"","_crdt_document":"","footnotes":""},"categories":[1],"tags":[728,778,779],"class_list":["post-2281","post","type-post","status-publish","format-standard","hentry","category-allgemein","tag-728","tag-rueckblick","tag-weihnachtsgruesse"],"_links":{"self":[{"href":"https:\/\/www.feuerwehrkostheim.de\/index.php?rest_route=\/wp\/v2\/posts\/2281","targetHints":{"allow":["GET"]}}],"collection":[{"href":"https:\/\/www.feuerwehrkostheim.de\/index.php?rest_route=\/wp\/v2\/posts"}],"about":[{"href":"https:\/\/www.feuerwehrkostheim.de\/index.php?rest_route=\/wp\/v2\/types\/post"}],"author":[{"embeddable":true,"href":"https:\/\/www.feuerwehrkostheim.de\/index.php?rest_route=\/wp\/v2\/users\/1"}],"replies":[{"embeddable":true,"href":"https:\/\/www.feuerwehrkostheim.de\/index.php?rest_route=%2Fwp%2Fv2%2Fcomments&post=2281"}],"version-history":[{"count":0,"href":"https:\/\/www.feuerwehrkostheim.de\/index.php?rest_route=\/wp\/v2\/posts\/2281\/revisions"}],"wp:attachment":[{"href":"https:\/\/www.feuerwehrkostheim.de\/index.php?rest_route=%2Fwp%2Fv2%2Fmedia&parent=2281"}],"wp:term":[{"taxonomy":"category","embeddable":true,"href":"https:\/\/www.feuerwehrkostheim.de\/index.php?rest_route=%2Fwp%2Fv2%2Fcategories&post=2281"},{"taxonomy":"post_tag","embeddable":true,"href":"https:\/\/www.feuerwehrkostheim.de\/index.php?rest_route=%2Fwp%2Fv2%2Ftags&post=2281"}],"curies":[{"name":"wp","href":"https:\/\/api.w.org\/{rel}","templated":true}]}}