{"id":2279,"date":"2014-12-14T20:21:05","date_gmt":"2014-12-14T18:21:05","guid":{"rendered":"http:\/\/www.feuerwehrkostheim.de\/?p=2279"},"modified":"2018-06-02T14:05:51","modified_gmt":"2018-06-02T13:05:51","slug":"brennender-smart-in-der-uthmannstrasse","status":"publish","type":"post","link":"https:\/\/www.feuerwehrkostheim.de\/?p=2279","title":{"rendered":"Brennender SMART in der Uthmannstra\u00dfe"},"content":{"rendered":"<p><img loading=\"lazy\" decoding=\"async\" class=\"alignleft\" title=\"Einsatz-Logo\" src=\"http:\/\/www.feuerwehrkostheim.de\/wp-content\/bilder\/sonstige\/logo_einsatz.jpg\" alt=\"Einsatz-Logo\" width=\"100\" height=\"100\" \/><strong>14. Dezember 2014 &#8211; 11:48 Uhr<\/strong><br \/>\n<strong>Uthmannstra\u00dfe <\/strong><br \/>\nEinzelfahrzeugalarmierung<br \/>\nEinsatz 126 und 127 &#8211; 2014<\/p>\n<p><a title=\"PKW-Brand Uthmannstra\u00dfe - 14.12.14 by FF-Kostheim, on Flickr\" href=\"https:\/\/www.flickr.com\/photos\/ffkostheim\/sets\/72157649694579796\/\" target=\"_blank\"><img loading=\"lazy\" decoding=\"async\" class=\"alignright\" src=\"https:\/\/farm8.staticflickr.com\/7564\/15401244483_2cf90ccfc6_m.jpg\" alt=\"PKW-Brand Uthmannstra\u00dfe - 14.12.14\" width=\"240\" height=\"159\" \/><\/a> Nach \u00fcber 6 einsatzruhigen Wochen wurde die Kostheimer Feuerwehr am Sonntagmittag zu einem PKW-Brand in die Uthmannstra\u00dfe alarmiert. Zusammen mit dem Basis-LF der Berufsfeuerwehr steuerte man die Einsatzstelle an. Vor Ort angekommen, fand man ein auf dem Fahrradstreifen stehenden und im Heckbereich brennender Smart vor. Von einem Trupp unter Atemschutz wurde zuerst ein Strahlrohr vorgenommen. Nachdem die L\u00f6schversuche mit Wasser nicht den gew\u00fcnschten Erfolg brachte, wurde der L\u00f6schangriff auf Schaummittel umgebaut.<\/p>\n<p><!--more--><br \/>\n<a title=\"PKW-Brand Uthmannstra\u00dfe - 14.12.14 by FF-Kostheim, on Flickr\" href=\"https:\/\/www.flickr.com\/photos\/ffkostheim\/sets\/72157649694579796\/\" target=\"_blank\"><img loading=\"lazy\" decoding=\"async\" class=\"alignleft\" src=\"https:\/\/farm9.staticflickr.com\/8666\/15398610344_f2131c4994_m.jpg\" alt=\"PKW-Brand Uthmannstra\u00dfe - 14.12.14\" width=\"240\" height=\"180\" \/><\/a> Mit dieser Ma\u00dfnahme konnte der Brand sodann schnell gel\u00f6scht und das \u00dcbergreifen der Flammen auf das restliche Fahrzeug verhindert werden. W\u00e4hrend der L\u00f6scharbeiten war die Uthmannstra\u00dfe im Bereich der Ortsverwaltung komplett gesperrt. Die Ursache des Brandes &#8211; der Fahrer bemerkte das Malheur w\u00e4hrend der Fahrt &#8211; konnte vor Ort nicht festgestellt werden. Die Schadensh\u00f6he sch\u00e4tzten Feuerwehr und Polizei auf etwa 2000\u20ac.<\/p>\n<p>Da parallel zu den Notrufen des brennenden PKW\u00b4s in der Uthmannstra\u00dfe auch ein brennender Transporter im Otto-Suhr-Ring &#8211; der Verl\u00e4ngerung der Uthmannstra\u00dfe &#8211; gemeldet wurde, r\u00fcckte das zweite LF 16 TS zusammen mit einem weiteren L\u00f6schfahrzeug der Berufsfeuerwehr zur \u00dcberpr\u00fcfung nach dort aus. Da nichts festgestellt werden konnte, handelte es sich bei den Notrufen vermutlich um die gleiche Einsatzstelle.<\/p>\n","protected":false},"excerpt":{"rendered":"<p>14. Dezember 2014 &#8211; 11:48 Uhr Uthmannstra\u00dfe Einzelfahrzeugalarmierung Einsatz 126 und 127 &#8211; 2014 Nach \u00fcber 6 einsatzruhigen Wochen wurde die Kostheimer Feuerwehr am Sonntagmittag zu einem PKW-Brand in die Uthmannstra\u00dfe alarmiert. Zusammen mit dem Basis-LF der Berufsfeuerwehr steuerte man die Einsatzstelle an. Vor Ort angekommen, fand man ein auf dem Fahrradstreifen stehenden und im [&hellip;]<\/p>\n","protected":false},"author":1,"featured_media":0,"comment_status":"closed","ping_status":"open","sticky":false,"template":"","format":"standard","meta":{"_et_pb_use_builder":"","_et_pb_old_content":"","_et_gb_content_width":"","_crdt_document":"","footnotes":""},"categories":[5],"tags":[50,31,422,315,775],"class_list":["post-2279","post","type-post","status-publish","format-standard","hentry","category-einsatze","tag-brand","tag-feuer","tag-pkw","tag-schaum","tag-smart"],"_links":{"self":[{"href":"https:\/\/www.feuerwehrkostheim.de\/index.php?rest_route=\/wp\/v2\/posts\/2279","targetHints":{"allow":["GET"]}}],"collection":[{"href":"https:\/\/www.feuerwehrkostheim.de\/index.php?rest_route=\/wp\/v2\/posts"}],"about":[{"href":"https:\/\/www.feuerwehrkostheim.de\/index.php?rest_route=\/wp\/v2\/types\/post"}],"author":[{"embeddable":true,"href":"https:\/\/www.feuerwehrkostheim.de\/index.php?rest_route=\/wp\/v2\/users\/1"}],"replies":[{"embeddable":true,"href":"https:\/\/www.feuerwehrkostheim.de\/index.php?rest_route=%2Fwp%2Fv2%2Fcomments&post=2279"}],"version-history":[{"count":0,"href":"https:\/\/www.feuerwehrkostheim.de\/index.php?rest_route=\/wp\/v2\/posts\/2279\/revisions"}],"wp:attachment":[{"href":"https:\/\/www.feuerwehrkostheim.de\/index.php?rest_route=%2Fwp%2Fv2%2Fmedia&parent=2279"}],"wp:term":[{"taxonomy":"category","embeddable":true,"href":"https:\/\/www.feuerwehrkostheim.de\/index.php?rest_route=%2Fwp%2Fv2%2Fcategories&post=2279"},{"taxonomy":"post_tag","embeddable":true,"href":"https:\/\/www.feuerwehrkostheim.de\/index.php?rest_route=%2Fwp%2Fv2%2Ftags&post=2279"}],"curies":[{"name":"wp","href":"https:\/\/api.w.org\/{rel}","templated":true}]}}