{"id":2243,"date":"2014-10-14T16:43:35","date_gmt":"2014-10-14T14:43:35","guid":{"rendered":"http:\/\/www.feuerwehrkostheim.de\/?p=2243"},"modified":"2018-06-02T14:05:51","modified_gmt":"2018-06-02T13:05:51","slug":"wachbesetzung-der-feuerwache-2-und-brandmeldereinlauf-in-papierfabrik","status":"publish","type":"post","link":"https:\/\/www.feuerwehrkostheim.de\/?p=2243","title":{"rendered":"Wachbesetzung der Feuerwache 2 und Brandmeldereinlauf in Papierfabrik"},"content":{"rendered":"<p><img loading=\"lazy\" decoding=\"async\" class=\"alignleft\" title=\"Einsatz-Logo\" src=\"http:\/\/www.feuerwehrkostheim.de\/wp-content\/bilder\/sonstige\/logo_einsatz.jpg\" alt=\"Einsatz-Logo\" width=\"100\" height=\"100\" \/><strong>14. Oktober 2014 &#8211; 05:55 Uhr<\/strong><br \/>\n<strong>Feuerwache 2 \/ Hauptstra\u00dfe 1 &#8211; Firma SCA<\/strong><br \/>\nFF-Einheit Alarmgruppe mit FF Kastel<br \/>\nEinsatz 120 und 121 &#8211; 2014<\/p>\n<p>Bedingt durch einen Gro\u00dfbrand in Wiesbaden Klarenthal wurde die Alarmgruppe der Feuerwehren Kostheim und Kastel am Dienstagmorgen um kurz vor 6 Uhr zur Wachbesetzung der Feuerwache 2 alarmiert. Noch vor dem Abr\u00fccken zur Wache in der St. Florian Stra\u00dfe, schickte man die zwei Wehren zu einem erneuten Brandmeldereinlauf in das Kostheimer Papierwerk. Der eigentlich nach Alarm- und Ausr\u00fcckeordnung (AAO) vorgesehene L\u00f6schzug befand sich zu diesem Zeitpunkt schon auf der Anfahrt zum Gro\u00dfbrand.<br \/>\nAuf dem Betriebsgel\u00e4nde war die ebenfalls alarmierte Werkfeuerwehr bereits auf der Erkundung nach der m\u00f6glichen Ursache des Ausl\u00f6sens. Alle \u00dcberpr\u00fcfungen erbrachten kein Ergebnis \u2013 es wurde kein Feuer festgestellt. Somit konnte dieser Einsatz schon nach wenigen Minuten beendet werden und man fuhr wie urspr\u00fcnglich angedacht die Feuerwache 2 in Kastel an.<br \/>\nAls gegen halb acht, als das Basis-LF vom Gro\u00dfbrand wieder einger\u00fcckt war, konnte die Wachbereitschaft beendet werden. Kurz zuvor mussten sich die Kameraden aus Kastel noch einer \u00d6lspur in Biebrich annehmen.<br \/>\nDie Kostheimer Wehrleute waren gegen 8 Uhr wieder an ihrem Standort. Viele von ihnen begaben sich daraufhin nach einer sehr kurzen Nacht auf den Weg zur Arbeit.<\/p>\n","protected":false},"excerpt":{"rendered":"<p>14. Oktober 2014 &#8211; 05:55 Uhr Feuerwache 2 \/ Hauptstra\u00dfe 1 &#8211; Firma SCA FF-Einheit Alarmgruppe mit FF Kastel Einsatz 120 und 121 &#8211; 2014 Bedingt durch einen Gro\u00dfbrand in Wiesbaden Klarenthal wurde die Alarmgruppe der Feuerwehren Kostheim und Kastel am Dienstagmorgen um kurz vor 6 Uhr zur Wachbesetzung der Feuerwache 2 alarmiert. Noch vor [&hellip;]<\/p>\n","protected":false},"author":1,"featured_media":0,"comment_status":"closed","ping_status":"open","sticky":false,"template":"","format":"standard","meta":{"_et_pb_use_builder":"","_et_pb_old_content":"","_et_gb_content_width":"","_crdt_document":"","footnotes":""},"categories":[5],"tags":[258,113,283,230,243],"class_list":["post-2243","post","type-post","status-publish","format-standard","hentry","category-einsatze","tag-bma","tag-fehlalarm","tag-feuewache-2","tag-sca","tag-wachbesetzung"],"_links":{"self":[{"href":"https:\/\/www.feuerwehrkostheim.de\/index.php?rest_route=\/wp\/v2\/posts\/2243","targetHints":{"allow":["GET"]}}],"collection":[{"href":"https:\/\/www.feuerwehrkostheim.de\/index.php?rest_route=\/wp\/v2\/posts"}],"about":[{"href":"https:\/\/www.feuerwehrkostheim.de\/index.php?rest_route=\/wp\/v2\/types\/post"}],"author":[{"embeddable":true,"href":"https:\/\/www.feuerwehrkostheim.de\/index.php?rest_route=\/wp\/v2\/users\/1"}],"replies":[{"embeddable":true,"href":"https:\/\/www.feuerwehrkostheim.de\/index.php?rest_route=%2Fwp%2Fv2%2Fcomments&post=2243"}],"version-history":[{"count":0,"href":"https:\/\/www.feuerwehrkostheim.de\/index.php?rest_route=\/wp\/v2\/posts\/2243\/revisions"}],"wp:attachment":[{"href":"https:\/\/www.feuerwehrkostheim.de\/index.php?rest_route=%2Fwp%2Fv2%2Fmedia&parent=2243"}],"wp:term":[{"taxonomy":"category","embeddable":true,"href":"https:\/\/www.feuerwehrkostheim.de\/index.php?rest_route=%2Fwp%2Fv2%2Fcategories&post=2243"},{"taxonomy":"post_tag","embeddable":true,"href":"https:\/\/www.feuerwehrkostheim.de\/index.php?rest_route=%2Fwp%2Fv2%2Ftags&post=2243"}],"curies":[{"name":"wp","href":"https:\/\/api.w.org\/{rel}","templated":true}]}}