{"id":2223,"date":"2014-09-22T18:45:39","date_gmt":"2014-09-22T16:45:39","guid":{"rendered":"http:\/\/www.feuerwehrkostheim.de\/?p=2223"},"modified":"2018-06-02T14:05:52","modified_gmt":"2018-06-02T13:05:52","slug":"rauchmelder-schlaegt-alarm-brennender-backofen-im-8-og","status":"publish","type":"post","link":"https:\/\/www.feuerwehrkostheim.de\/?p=2223","title":{"rendered":"Rauchmelder schl\u00e4gt Alarm &#8211; brennender Backofen im 8.OG"},"content":{"rendered":"<p><img loading=\"lazy\" decoding=\"async\" class=\"alignleft\" title=\"Einsatz-Logo\" src=\"http:\/\/www.feuerwehrkostheim.de\/wp-content\/bilder\/sonstige\/logo_einsatz.jpg\" alt=\"Einsatz-Logo\" width=\"100\" height=\"100\" \/><strong>22. September 2014 &#8211; 9:15 Uhr<\/strong><br \/>\n<strong>Im See 6<\/strong><br \/>\nFF-Einheit &#8211; Alarmgruppe mit FF Kastel<br \/>\nEinsatz 114 &#8211; 2014<\/p>\n<p>Am Montagmorgen wurde die Feuerwehr Kostheim zusammen mit der FF Kastel und dem L\u00f6schzug der Wache 2 zur Stra\u00dfe \u201eIm See\u201c alarmiert. Hier bemerkten Anwohner einen aufheulenden, internen Rauchmelder sowie Brandgeruch im Treppenhaus. Nachdem die ersten Einsatzkr\u00e4fte vor Ort eintrafen, wurde die betroffene Wohnung im 8. OG kontrolliert. Ein brennender Backofen war der Ausl\u00f6ser des Alarms. Nachdem das Feuer gel\u00f6scht und die R\u00e4umlichkeiten bel\u00fcftet waren, konnte der Einsatz beendet werden.<\/p>\n","protected":false},"excerpt":{"rendered":"<p>22. September 2014 &#8211; 9:15 Uhr Im See 6 FF-Einheit &#8211; Alarmgruppe mit FF Kastel Einsatz 114 &#8211; 2014 Am Montagmorgen wurde die Feuerwehr Kostheim zusammen mit der FF Kastel und dem L\u00f6schzug der Wache 2 zur Stra\u00dfe \u201eIm See\u201c alarmiert. Hier bemerkten Anwohner einen aufheulenden, internen Rauchmelder sowie Brandgeruch im Treppenhaus. Nachdem die ersten [&hellip;]<\/p>\n","protected":false},"author":1,"featured_media":0,"comment_status":"closed","ping_status":"open","sticky":false,"template":"","format":"standard","meta":{"_et_pb_use_builder":"","_et_pb_old_content":"","_et_gb_content_width":"","_crdt_document":"","footnotes":""},"categories":[5],"tags":[31,183,375],"class_list":["post-2223","post","type-post","status-publish","format-standard","hentry","category-einsatze","tag-feuer","tag-hochhaus","tag-rauchmelder"],"_links":{"self":[{"href":"https:\/\/www.feuerwehrkostheim.de\/index.php?rest_route=\/wp\/v2\/posts\/2223","targetHints":{"allow":["GET"]}}],"collection":[{"href":"https:\/\/www.feuerwehrkostheim.de\/index.php?rest_route=\/wp\/v2\/posts"}],"about":[{"href":"https:\/\/www.feuerwehrkostheim.de\/index.php?rest_route=\/wp\/v2\/types\/post"}],"author":[{"embeddable":true,"href":"https:\/\/www.feuerwehrkostheim.de\/index.php?rest_route=\/wp\/v2\/users\/1"}],"replies":[{"embeddable":true,"href":"https:\/\/www.feuerwehrkostheim.de\/index.php?rest_route=%2Fwp%2Fv2%2Fcomments&post=2223"}],"version-history":[{"count":0,"href":"https:\/\/www.feuerwehrkostheim.de\/index.php?rest_route=\/wp\/v2\/posts\/2223\/revisions"}],"wp:attachment":[{"href":"https:\/\/www.feuerwehrkostheim.de\/index.php?rest_route=%2Fwp%2Fv2%2Fmedia&parent=2223"}],"wp:term":[{"taxonomy":"category","embeddable":true,"href":"https:\/\/www.feuerwehrkostheim.de\/index.php?rest_route=%2Fwp%2Fv2%2Fcategories&post=2223"},{"taxonomy":"post_tag","embeddable":true,"href":"https:\/\/www.feuerwehrkostheim.de\/index.php?rest_route=%2Fwp%2Fv2%2Ftags&post=2223"}],"curies":[{"name":"wp","href":"https:\/\/api.w.org\/{rel}","templated":true}]}}