{"id":2221,"date":"2014-09-20T18:09:58","date_gmt":"2014-09-20T16:09:58","guid":{"rendered":"http:\/\/www.feuerwehrkostheim.de\/?p=2221"},"modified":"2018-06-02T14:05:52","modified_gmt":"2018-06-02T13:05:52","slug":"rauchsaeule-durch-gewollten-abbrand","status":"publish","type":"post","link":"https:\/\/www.feuerwehrkostheim.de\/?p=2221","title":{"rendered":"Rauchs\u00e4ule durch gewollten Abbrand"},"content":{"rendered":"<p><img loading=\"lazy\" decoding=\"async\" class=\"alignleft\" title=\"Einsatz-Logo\" src=\"http:\/\/www.feuerwehrkostheim.de\/wp-content\/bilder\/sonstige\/logo_einsatz.jpg\" alt=\"Einsatz-Logo\" width=\"100\" height=\"100\" \/><strong>20. September 2014 &#8211; 10:16 Uhr<\/strong><br \/>\n<strong>Verl\u00e4ngerung Steinern Stra\u00dfe<\/strong><br \/>\nEinzelfahrzeugalarmierung<br \/>\nEinsatz 113 &#8211; 2014<\/p>\n<p>Aufgrund einer unklaren Rauchentwicklung im Bereich der Richtung Feldgemarkung verl\u00e4ngerten Steinern Stra\u00dfe, wurden am Samstagmorgen die L\u00f6schfahrzeuge der FF Kostheim und der Berufsfeuerwehr alarmiert. Zwar war schon auf der Anfahrt die Rauchs\u00e4ule zu sehen, doch es konnte schon zeitnah wieder Entwarnung gegeben werden. Da es sich um einen gewollten Abbrand handelte, war der Einsatz schon nach wenigen Minuten wieder beendet.<\/p>\n","protected":false},"excerpt":{"rendered":"<p>20. September 2014 &#8211; 10:16 Uhr Verl\u00e4ngerung Steinern Stra\u00dfe Einzelfahrzeugalarmierung Einsatz 113 &#8211; 2014 Aufgrund einer unklaren Rauchentwicklung im Bereich der Richtung Feldgemarkung verl\u00e4ngerten Steinern Stra\u00dfe, wurden am Samstagmorgen die L\u00f6schfahrzeuge der FF Kostheim und der Berufsfeuerwehr alarmiert. Zwar war schon auf der Anfahrt die Rauchs\u00e4ule zu sehen, doch es konnte schon zeitnah wieder Entwarnung [&hellip;]<\/p>\n","protected":false},"author":1,"featured_media":0,"comment_status":"closed","ping_status":"open","sticky":false,"template":"","format":"standard","meta":{"_et_pb_use_builder":"","_et_pb_old_content":"","_et_gb_content_width":"","_crdt_document":"","footnotes":""},"categories":[5],"tags":[113,30,111],"class_list":["post-2221","post","type-post","status-publish","format-standard","hentry","category-einsatze","tag-fehlalarm","tag-feld","tag-rauchentwicklung"],"_links":{"self":[{"href":"https:\/\/www.feuerwehrkostheim.de\/index.php?rest_route=\/wp\/v2\/posts\/2221","targetHints":{"allow":["GET"]}}],"collection":[{"href":"https:\/\/www.feuerwehrkostheim.de\/index.php?rest_route=\/wp\/v2\/posts"}],"about":[{"href":"https:\/\/www.feuerwehrkostheim.de\/index.php?rest_route=\/wp\/v2\/types\/post"}],"author":[{"embeddable":true,"href":"https:\/\/www.feuerwehrkostheim.de\/index.php?rest_route=\/wp\/v2\/users\/1"}],"replies":[{"embeddable":true,"href":"https:\/\/www.feuerwehrkostheim.de\/index.php?rest_route=%2Fwp%2Fv2%2Fcomments&post=2221"}],"version-history":[{"count":0,"href":"https:\/\/www.feuerwehrkostheim.de\/index.php?rest_route=\/wp\/v2\/posts\/2221\/revisions"}],"wp:attachment":[{"href":"https:\/\/www.feuerwehrkostheim.de\/index.php?rest_route=%2Fwp%2Fv2%2Fmedia&parent=2221"}],"wp:term":[{"taxonomy":"category","embeddable":true,"href":"https:\/\/www.feuerwehrkostheim.de\/index.php?rest_route=%2Fwp%2Fv2%2Fcategories&post=2221"},{"taxonomy":"post_tag","embeddable":true,"href":"https:\/\/www.feuerwehrkostheim.de\/index.php?rest_route=%2Fwp%2Fv2%2Ftags&post=2221"}],"curies":[{"name":"wp","href":"https:\/\/api.w.org\/{rel}","templated":true}]}}