{"id":2215,"date":"2014-09-08T16:05:48","date_gmt":"2014-09-08T14:05:48","guid":{"rendered":"http:\/\/www.feuerwehrkostheim.de\/?p=2215"},"modified":"2018-06-02T14:05:52","modified_gmt":"2018-06-02T13:05:52","slug":"feuer-in-dachgeschosswohnung-schnell-geloescht","status":"publish","type":"post","link":"https:\/\/www.feuerwehrkostheim.de\/?p=2215","title":{"rendered":"Feuer in Dachgeschosswohnung schnell gel\u00f6scht"},"content":{"rendered":"<p><img loading=\"lazy\" decoding=\"async\" class=\"alignleft\" title=\"Einsatz-Logo\" src=\"http:\/\/www.feuerwehrkostheim.de\/wp-content\/bilder\/sonstige\/logo_einsatz.jpg\" alt=\"Einsatz-Logo\" width=\"100\" height=\"100\" \/><strong>07. September 2014 &#8211; 21:58 Uhr<\/strong><br \/>\n<strong>Friedrichstra\u00dfe<\/strong><br \/>\nFF-Einheit<br \/>\nEinsatz 111 &#8211; 2014<\/p>\n<p><a title=\"Feuer Dachgeschosswohnung - 07.09.14 by FF-Kostheim, on Flickr\" href=\"https:\/\/www.flickr.com\/photos\/ffkostheim\/sets\/72157647356243191\" target=\"_blank\"><img loading=\"lazy\" decoding=\"async\" class=\"alignright\" src=\"https:\/\/farm6.staticflickr.com\/5551\/14991956479_30d4b017a0_m.jpg\" alt=\"Feuer Dachgeschosswohnung - 07.09.14\" width=\"240\" height=\"159\" \/><\/a> Mehrere Notrufe gingen am sp\u00e4ten Sonntagabend in der Wiesbadener Rettungsleitstelle ein und meldeten ein Feuer in einem oberen Geschoss eines Mehrfamilienhauses in der Friedrichstra\u00dfe. Gerade einmal 5 Minuten nach Alarmierung traf das L\u00f6schfahrzeug der Kostheimer Wehr vor Ort ein. Festzustellen war Feuer aus einem Fenster einer Dachgeschosswohnung. Umgehend wurde ein Trupp unter Atemschutz ausger\u00fcstet der mit einem\u00a0 Strahlrohr zur Brandbek\u00e4mpfung das Geb\u00e4ude betrat. Alle Bewohner des Hauses befanden sich zu diesem Zeitpunkt schon in Sicherheit.<\/p>\n<p><!--more--><br \/>\n<a title=\"Feuer Dachgeschosswohnung - 07.09.14 by FF-Kostheim, on Flickr\" href=\"https:\/\/www.flickr.com\/photos\/ffkostheim\/sets\/72157647356243191\" target=\"_blank\"><img loading=\"lazy\" decoding=\"async\" class=\"alignleft\" src=\"https:\/\/farm6.staticflickr.com\/5564\/15155677056_b6b07dea12_m.jpg\" alt=\"Feuer Dachgeschosswohnung - 07.09.14\" width=\"240\" height=\"159\" \/><\/a>Neben den L\u00f6schma\u00dfnahmen im Inneren, wurde die Drehleiter in Stellung gebracht, um den Dachbereich zu kontrollieren. Das Feuer konnte schnell gel\u00f6scht werden. Um sicher zu gehen, dass sich keine Glutnester in der Dachverkleidung befinden, wurde ein Teil davon ge\u00f6ffnet und mit der W\u00e4rmebildkamera \u00fcberpr\u00fcft. Die Nachl\u00f6scharbeiten mussten ebenfalls unter Atemschutz durchgef\u00fchrt.<br \/>\nGl\u00fccklicher Weise wurde bei dem Einsatz niemand verletzt. Durch das schnelle Eingreifen wurde ein \u00dcbergreifen des Feuers auf die Dachkonstruktion und somit ein gr\u00f6\u00dferer Schaden verhindert. Da die Brandwohnung nicht mehr zu nutzen ist, muss der Mieter vor\u00fcbergehend bei Bekannten einziehen.<\/p>\n<p>Die Polizei hat die Brandursachenermittlung aufgenommen. F\u00fcr die Kostheimer Feuerwehr war der Einsatz nach drei Stunden beendet.<\/p>\n","protected":false},"excerpt":{"rendered":"<p>07. September 2014 &#8211; 21:58 Uhr Friedrichstra\u00dfe FF-Einheit Einsatz 111 &#8211; 2014 Mehrere Notrufe gingen am sp\u00e4ten Sonntagabend in der Wiesbadener Rettungsleitstelle ein und meldeten ein Feuer in einem oberen Geschoss eines Mehrfamilienhauses in der Friedrichstra\u00dfe. Gerade einmal 5 Minuten nach Alarmierung traf das L\u00f6schfahrzeug der Kostheimer Wehr vor Ort ein. Festzustellen war Feuer aus [&hellip;]<\/p>\n","protected":false},"author":1,"featured_media":0,"comment_status":"closed","ping_status":"open","sticky":false,"template":"","format":"standard","meta":{"_et_pb_use_builder":"","_et_pb_old_content":"","_et_gb_content_width":"","_crdt_document":"","footnotes":""},"categories":[5],"tags":[306,31,768,708],"class_list":["post-2215","post","type-post","status-publish","format-standard","hentry","category-einsatze","tag-dachgeschoss","tag-feuer","tag-wohnung","tag-wohnungsbrand"],"_links":{"self":[{"href":"https:\/\/www.feuerwehrkostheim.de\/index.php?rest_route=\/wp\/v2\/posts\/2215","targetHints":{"allow":["GET"]}}],"collection":[{"href":"https:\/\/www.feuerwehrkostheim.de\/index.php?rest_route=\/wp\/v2\/posts"}],"about":[{"href":"https:\/\/www.feuerwehrkostheim.de\/index.php?rest_route=\/wp\/v2\/types\/post"}],"author":[{"embeddable":true,"href":"https:\/\/www.feuerwehrkostheim.de\/index.php?rest_route=\/wp\/v2\/users\/1"}],"replies":[{"embeddable":true,"href":"https:\/\/www.feuerwehrkostheim.de\/index.php?rest_route=%2Fwp%2Fv2%2Fcomments&post=2215"}],"version-history":[{"count":0,"href":"https:\/\/www.feuerwehrkostheim.de\/index.php?rest_route=\/wp\/v2\/posts\/2215\/revisions"}],"wp:attachment":[{"href":"https:\/\/www.feuerwehrkostheim.de\/index.php?rest_route=%2Fwp%2Fv2%2Fmedia&parent=2215"}],"wp:term":[{"taxonomy":"category","embeddable":true,"href":"https:\/\/www.feuerwehrkostheim.de\/index.php?rest_route=%2Fwp%2Fv2%2Fcategories&post=2215"},{"taxonomy":"post_tag","embeddable":true,"href":"https:\/\/www.feuerwehrkostheim.de\/index.php?rest_route=%2Fwp%2Fv2%2Ftags&post=2215"}],"curies":[{"name":"wp","href":"https:\/\/api.w.org\/{rel}","templated":true}]}}