{"id":2173,"date":"2014-08-04T17:47:39","date_gmt":"2014-08-04T15:47:39","guid":{"rendered":"http:\/\/www.feuerwehrkostheim.de\/?p=2173"},"modified":"2018-06-02T14:05:53","modified_gmt":"2018-06-02T13:05:53","slug":"brandverdacht-gemeldet-fehlalarm","status":"publish","type":"post","link":"https:\/\/www.feuerwehrkostheim.de\/?p=2173","title":{"rendered":"Brandverdacht gemeldet &#8211; Fehlalarm"},"content":{"rendered":"<p><img loading=\"lazy\" decoding=\"async\" class=\"alignleft\" title=\"Einsatz-Logo\" src=\"http:\/\/www.feuerwehrkostheim.de\/wp-content\/bilder\/sonstige\/logo_einsatz.jpg\" alt=\"Einsatz-Logo\" width=\"100\" height=\"100\" \/><strong>04. August 2014 &#8211; 14:57 Uhr<\/strong><br \/>\n<strong>Hochheimer Stra\u00dfe<\/strong><br \/>\nFF-Einheit &#8211; Alarmgruppe mit FF Kastel<br \/>\nEinsatz 103 &#8211; 2014<\/p>\n<p>Auch am vierten Tag in Folge wurde die Kostheimer Feuerwehr alarmiert. Diesmal ging es in die Hochheimer Stra\u00dfe, wo eine Autofahrerin eine Rauchentwicklung bemerkt hatte und dies \u00fcber Notruf meldete. Die eingetroffen Einheiten, bestehend aus dem L\u00f6schzug der Wache 2 sowie den Wehren aus Kostheim und Kastel konnten lediglich einen Brandgeruch feststellen. Die intensive Suche lieferte jedoch keine neuen Kenntnisse und der Einsatz wurde kurze Zeit sp\u00e4ter ergebnislos abgebrochen.<\/p>\n","protected":false},"excerpt":{"rendered":"<p>04. August 2014 &#8211; 14:57 Uhr Hochheimer Stra\u00dfe FF-Einheit &#8211; Alarmgruppe mit FF Kastel Einsatz 103 &#8211; 2014 Auch am vierten Tag in Folge wurde die Kostheimer Feuerwehr alarmiert. Diesmal ging es in die Hochheimer Stra\u00dfe, wo eine Autofahrerin eine Rauchentwicklung bemerkt hatte und dies \u00fcber Notruf meldete. Die eingetroffen Einheiten, bestehend aus dem L\u00f6schzug [&hellip;]<\/p>\n","protected":false},"author":1,"featured_media":0,"comment_status":"closed","ping_status":"open","sticky":false,"template":"","format":"standard","meta":{"_et_pb_use_builder":"","_et_pb_old_content":"","_et_gb_content_width":"","_crdt_document":"","footnotes":""},"categories":[5],"tags":[112,113,111],"class_list":["post-2173","post","type-post","status-publish","format-standard","hentry","category-einsatze","tag-brandverdacht","tag-fehlalarm","tag-rauchentwicklung"],"_links":{"self":[{"href":"https:\/\/www.feuerwehrkostheim.de\/index.php?rest_route=\/wp\/v2\/posts\/2173","targetHints":{"allow":["GET"]}}],"collection":[{"href":"https:\/\/www.feuerwehrkostheim.de\/index.php?rest_route=\/wp\/v2\/posts"}],"about":[{"href":"https:\/\/www.feuerwehrkostheim.de\/index.php?rest_route=\/wp\/v2\/types\/post"}],"author":[{"embeddable":true,"href":"https:\/\/www.feuerwehrkostheim.de\/index.php?rest_route=\/wp\/v2\/users\/1"}],"replies":[{"embeddable":true,"href":"https:\/\/www.feuerwehrkostheim.de\/index.php?rest_route=%2Fwp%2Fv2%2Fcomments&post=2173"}],"version-history":[{"count":0,"href":"https:\/\/www.feuerwehrkostheim.de\/index.php?rest_route=\/wp\/v2\/posts\/2173\/revisions"}],"wp:attachment":[{"href":"https:\/\/www.feuerwehrkostheim.de\/index.php?rest_route=%2Fwp%2Fv2%2Fmedia&parent=2173"}],"wp:term":[{"taxonomy":"category","embeddable":true,"href":"https:\/\/www.feuerwehrkostheim.de\/index.php?rest_route=%2Fwp%2Fv2%2Fcategories&post=2173"},{"taxonomy":"post_tag","embeddable":true,"href":"https:\/\/www.feuerwehrkostheim.de\/index.php?rest_route=%2Fwp%2Fv2%2Ftags&post=2173"}],"curies":[{"name":"wp","href":"https:\/\/api.w.org\/{rel}","templated":true}]}}