{"id":2138,"date":"2014-07-25T22:17:19","date_gmt":"2014-07-25T20:17:19","guid":{"rendered":"http:\/\/www.feuerwehrkostheim.de\/?p=2138"},"modified":"2018-06-02T14:05:54","modified_gmt":"2018-06-02T13:05:54","slug":"wasserschaeden-und-zum-schluss-ein-feuer-erneute-unwetterlage-in-wiesbaden","status":"publish","type":"post","link":"https:\/\/www.feuerwehrkostheim.de\/?p=2138","title":{"rendered":"Wassersch\u00e4den und zum Schluss ein Feuer &#8211; Erneute Unwetterlage in Wiesbaden"},"content":{"rendered":"<p><img loading=\"lazy\" decoding=\"async\" class=\"alignleft\" title=\"Einsatz-Logo\" src=\"http:\/\/www.feuerwehrkostheim.de\/wp-content\/bilder\/sonstige\/logo_einsatz.jpg\" alt=\"Einsatz-Logo\" width=\"100\" height=\"100\" \/><strong>25. Juli 2014 &#8211; 17:26 Uhr<\/strong><br \/>\n<strong>Stadtgebiet<\/strong><br \/>\nFF-Einheit<br \/>\nEinsatz 76 bis 78 &#8211; 2014<\/p>\n<p>Hei\u00df her ging es am Freitagnachmittag nicht nur aufgrund der erh\u00f6hten Temperaturen, auch eine \u00fcber Wiesbaden ziehende Unwetterzelle mit Gewitter und Starkregen sorgte wie schon in den Wochen zuvor f\u00fcr eine Vielzahl von Feuerwehreins\u00e4tzen. Neben einer Vielzahl weiterer freiwilligen Feuerwehren, wurde auch die Feuerwehr Kostheim angefordert. Nachdem alle Fahrzeuge besetzt waren, mussten insgesamt zwei Einsatzstellen abgearbeitet werden. In der Wagemannstra\u00dfe sowie der Rosenthalstra\u00dfe mussten Wassersch\u00e4den mit Tauchpumpen und Wassersaugern beseitigt werden.<\/p>\n<p><strong>Brand einer Zerkleinerungsanlage<\/strong><br \/>\nAuf der R\u00fcckfahrt ins Ger\u00e4thaus wurde ein Feuer in einer Halle am Ferdinant-Knettenbrech-Weg gemeldet. Da sich beide L\u00f6schfahrzeuge in der N\u00e4he der Einsatzstelle befanden, wurden auch sie aufgefordert dort hin zu fahren. Ein Feuer in einer Zerkleinerungsanlage war gl\u00fccklicher Weise schnell gel\u00f6scht und die Kostheimer Kameraden konnten unverrichteter Dinge weiter ihren Nachhauseweg antreten.<\/p>\n<p>Da das Unwetter insgesamt nicht so heftig ausfiel, wie zum Teil die vorherigen, konnte nach etwa drei Stunden die jeweilige Einsatzbereitschaft aufgehoben werden.<\/p>\n","protected":false},"excerpt":{"rendered":"<p>25. Juli 2014 &#8211; 17:26 Uhr Stadtgebiet FF-Einheit Einsatz 76 bis 78 &#8211; 2014 Hei\u00df her ging es am Freitagnachmittag nicht nur aufgrund der erh\u00f6hten Temperaturen, auch eine \u00fcber Wiesbaden ziehende Unwetterzelle mit Gewitter und Starkregen sorgte wie schon in den Wochen zuvor f\u00fcr eine Vielzahl von Feuerwehreins\u00e4tzen. Neben einer Vielzahl weiterer freiwilligen Feuerwehren, wurde [&hellip;]<\/p>\n","protected":false},"author":1,"featured_media":0,"comment_status":"closed","ping_status":"open","sticky":false,"template":"","format":"standard","meta":{"_et_pb_use_builder":"","_et_pb_old_content":"","_et_gb_content_width":"","_crdt_document":"","footnotes":""},"categories":[5],"tags":[31,237,89,238],"class_list":["post-2138","post","type-post","status-publish","format-standard","hentry","category-einsatze","tag-feuer","tag-tauchpumpe","tag-unwetter","tag-wasserschaden"],"_links":{"self":[{"href":"https:\/\/www.feuerwehrkostheim.de\/index.php?rest_route=\/wp\/v2\/posts\/2138","targetHints":{"allow":["GET"]}}],"collection":[{"href":"https:\/\/www.feuerwehrkostheim.de\/index.php?rest_route=\/wp\/v2\/posts"}],"about":[{"href":"https:\/\/www.feuerwehrkostheim.de\/index.php?rest_route=\/wp\/v2\/types\/post"}],"author":[{"embeddable":true,"href":"https:\/\/www.feuerwehrkostheim.de\/index.php?rest_route=\/wp\/v2\/users\/1"}],"replies":[{"embeddable":true,"href":"https:\/\/www.feuerwehrkostheim.de\/index.php?rest_route=%2Fwp%2Fv2%2Fcomments&post=2138"}],"version-history":[{"count":0,"href":"https:\/\/www.feuerwehrkostheim.de\/index.php?rest_route=\/wp\/v2\/posts\/2138\/revisions"}],"wp:attachment":[{"href":"https:\/\/www.feuerwehrkostheim.de\/index.php?rest_route=%2Fwp%2Fv2%2Fmedia&parent=2138"}],"wp:term":[{"taxonomy":"category","embeddable":true,"href":"https:\/\/www.feuerwehrkostheim.de\/index.php?rest_route=%2Fwp%2Fv2%2Fcategories&post=2138"},{"taxonomy":"post_tag","embeddable":true,"href":"https:\/\/www.feuerwehrkostheim.de\/index.php?rest_route=%2Fwp%2Fv2%2Ftags&post=2138"}],"curies":[{"name":"wp","href":"https:\/\/api.w.org\/{rel}","templated":true}]}}