{"id":2114,"date":"2014-07-11T04:29:42","date_gmt":"2014-07-11T02:29:42","guid":{"rendered":"http:\/\/www.feuerwehrkostheim.de\/?p=2114"},"modified":"2018-06-02T14:05:54","modified_gmt":"2018-06-02T13:05:54","slug":"aus-brandverdacht-wird-fehlalarm","status":"publish","type":"post","link":"https:\/\/www.feuerwehrkostheim.de\/?p=2114","title":{"rendered":"Aus Brandverdacht wird Fehlalarm"},"content":{"rendered":"<p><img loading=\"lazy\" decoding=\"async\" class=\"alignleft\" title=\"Einsatz-Logo\" src=\"http:\/\/www.feuerwehrkostheim.de\/wp-content\/bilder\/sonstige\/logo_einsatz.jpg\" alt=\"Einsatz-Logo\" width=\"100\" height=\"100\" \/><strong>11. Juli 2014 &#8211; 01:32 Uhr<\/strong><br \/>\n<strong>Am R\u00fcbenberg<\/strong><br \/>\nFF-Einheit<br \/>\nEinsatz 63 &#8211; 2014<\/p>\n<p>Viele Kostheimer Kameraden haben nach dem Unwettereinsatz gerade mal eine Stunde im Bett gelegen als erneut die Funkmelder ausgel\u00f6st. Zusammen mit dem L\u00f6schzug der Berufsfeuerwehr musste in die Stra\u00dfe \u201eAm R\u00fcbenberg\u201c ausger\u00fcckt werden, wo ein Brandverdacht gemeldet wurde. An der Einsatzstelle angekommen, konnte schon auf Anhieb nichts festgestellt werden. Auch die intensivere \u00dcberpr\u00fcfung ergab kein Feuer. Der Einsatz wurde nach zwanzig Minuten abgebrochen und die Einheiten r\u00fcckten wieder ein.<\/p>\n","protected":false},"excerpt":{"rendered":"<p>11. Juli 2014 &#8211; 01:32 Uhr Am R\u00fcbenberg FF-Einheit Einsatz 63 &#8211; 2014 Viele Kostheimer Kameraden haben nach dem Unwettereinsatz gerade mal eine Stunde im Bett gelegen als erneut die Funkmelder ausgel\u00f6st. Zusammen mit dem L\u00f6schzug der Berufsfeuerwehr musste in die Stra\u00dfe \u201eAm R\u00fcbenberg\u201c ausger\u00fcckt werden, wo ein Brandverdacht gemeldet wurde. An der Einsatzstelle angekommen, [&hellip;]<\/p>\n","protected":false},"author":1,"featured_media":0,"comment_status":"closed","ping_status":"open","sticky":false,"template":"","format":"standard","meta":{"_et_pb_use_builder":"","_et_pb_old_content":"","_et_gb_content_width":"","_crdt_document":"","footnotes":""},"categories":[5],"tags":[112,113],"class_list":["post-2114","post","type-post","status-publish","format-standard","hentry","category-einsatze","tag-brandverdacht","tag-fehlalarm"],"_links":{"self":[{"href":"https:\/\/www.feuerwehrkostheim.de\/index.php?rest_route=\/wp\/v2\/posts\/2114","targetHints":{"allow":["GET"]}}],"collection":[{"href":"https:\/\/www.feuerwehrkostheim.de\/index.php?rest_route=\/wp\/v2\/posts"}],"about":[{"href":"https:\/\/www.feuerwehrkostheim.de\/index.php?rest_route=\/wp\/v2\/types\/post"}],"author":[{"embeddable":true,"href":"https:\/\/www.feuerwehrkostheim.de\/index.php?rest_route=\/wp\/v2\/users\/1"}],"replies":[{"embeddable":true,"href":"https:\/\/www.feuerwehrkostheim.de\/index.php?rest_route=%2Fwp%2Fv2%2Fcomments&post=2114"}],"version-history":[{"count":0,"href":"https:\/\/www.feuerwehrkostheim.de\/index.php?rest_route=\/wp\/v2\/posts\/2114\/revisions"}],"wp:attachment":[{"href":"https:\/\/www.feuerwehrkostheim.de\/index.php?rest_route=%2Fwp%2Fv2%2Fmedia&parent=2114"}],"wp:term":[{"taxonomy":"category","embeddable":true,"href":"https:\/\/www.feuerwehrkostheim.de\/index.php?rest_route=%2Fwp%2Fv2%2Fcategories&post=2114"},{"taxonomy":"post_tag","embeddable":true,"href":"https:\/\/www.feuerwehrkostheim.de\/index.php?rest_route=%2Fwp%2Fv2%2Ftags&post=2114"}],"curies":[{"name":"wp","href":"https:\/\/api.w.org\/{rel}","templated":true}]}}