{"id":2112,"date":"2014-07-11T04:03:35","date_gmt":"2014-07-11T02:03:35","guid":{"rendered":"http:\/\/www.feuerwehrkostheim.de\/?p=2112"},"modified":"2018-06-02T14:05:54","modified_gmt":"2018-06-02T13:05:54","slug":"gewitterfront-zieht-ueber-wiesbaden","status":"publish","type":"post","link":"https:\/\/www.feuerwehrkostheim.de\/?p=2112","title":{"rendered":"Gewitterfront zieht \u00fcber Wiesbaden"},"content":{"rendered":"<p><img loading=\"lazy\" decoding=\"async\" class=\"alignleft\" title=\"Einsatz-Logo\" src=\"http:\/\/www.feuerwehrkostheim.de\/wp-content\/bilder\/sonstige\/logo_einsatz.jpg\" alt=\"Einsatz-Logo\" width=\"100\" height=\"100\" \/><strong>10. Juli 2014 &#8211; 20:55 Uhr<\/strong><br \/>\n<strong>Ortsgebiet Kostheim<\/strong><br \/>\nFF-Einheit<br \/>\nEinsatz 60 bis 62 &#8211; 2014<\/p>\n<p>Am Donnerstagabend wurde die Landeshauptstadt Wiesbaden erneut von einem Unwetter heimgesucht. Mehrere Gewitterzellen zogen in Verbindung mit Starkregen, Hagel und Sturmb\u00f6en aus Nordosten \u00fcber die Stadt. Es dauerte nicht lange, bis die ersten Notrufe in der Leitstelle einliefen. Umgehend wurden wieder alle freiwilligen Feuerwehren in Alarmbereitschaft versetzt und die IuK-Unterst\u00fctzungsgruppe als Verst\u00e4rkung des Leitstellenpersonals alarmiert.<\/p>\n<p>Die Feuerwehr Kostheim meldete sich einsatzbereit auf Funk und bekam insgesamt drei Eins\u00e4tze zugeteilt. In allen F\u00e4llen war ein Wasserschaden Grund f\u00fcr das Hilfeersuchen. Mit Tauchpumpen, Wasserschiebern und I-Saugern wurde das Malheur beseitigt. Neben der \u00f6rtlichen Feuerwehr, waren auch andere Einheiten im Kostheimer Ortsgebiet t\u00e4tig. Der L\u00f6schzug der Wache 2 fuhr in die Nikolausstra\u00dfe zu einem internen Rauchmelder (Fehlalarm) und Kameraden aus Kastel unterst\u00fctzen die Berufsfeuerwehr im R\u00f6merfeld bei einem gr\u00f6\u00dferen Wasserschaden.<\/p>\n<p><!--more-->Gegen Mitternacht waren die Haupteins\u00e4tze abgearbeitet und die Wehren konnten nach und nach die Alarmbereitschaft aufheben. Die FF Kostheim hatte gegen halb eins ihre Fahrzeuge wieder aufger\u00fcstet und konnte den Funk abschalten. Es ist innerhalb k\u00fcrzester Zeit das zweite Unwetter, dass daf\u00fcr zust\u00e4ndig war, dass im Wiesbadener Stadtgebiet Vollalarm ausgel\u00f6st werden musste.<\/p>\n","protected":false},"excerpt":{"rendered":"<p>10. Juli 2014 &#8211; 20:55 Uhr Ortsgebiet Kostheim FF-Einheit Einsatz 60 bis 62 &#8211; 2014 Am Donnerstagabend wurde die Landeshauptstadt Wiesbaden erneut von einem Unwetter heimgesucht. Mehrere Gewitterzellen zogen in Verbindung mit Starkregen, Hagel und Sturmb\u00f6en aus Nordosten \u00fcber die Stadt. Es dauerte nicht lange, bis die ersten Notrufe in der Leitstelle einliefen. Umgehend wurden [&hellip;]<\/p>\n","protected":false},"author":1,"featured_media":0,"comment_status":"closed","ping_status":"open","sticky":false,"template":"","format":"standard","meta":{"_et_pb_use_builder":"","_et_pb_old_content":"","_et_gb_content_width":"","_crdt_document":"","footnotes":""},"categories":[5],"tags":[510,89,238],"class_list":["post-2112","post","type-post","status-publish","format-standard","hentry","category-einsatze","tag-gewitter","tag-unwetter","tag-wasserschaden"],"_links":{"self":[{"href":"https:\/\/www.feuerwehrkostheim.de\/index.php?rest_route=\/wp\/v2\/posts\/2112","targetHints":{"allow":["GET"]}}],"collection":[{"href":"https:\/\/www.feuerwehrkostheim.de\/index.php?rest_route=\/wp\/v2\/posts"}],"about":[{"href":"https:\/\/www.feuerwehrkostheim.de\/index.php?rest_route=\/wp\/v2\/types\/post"}],"author":[{"embeddable":true,"href":"https:\/\/www.feuerwehrkostheim.de\/index.php?rest_route=\/wp\/v2\/users\/1"}],"replies":[{"embeddable":true,"href":"https:\/\/www.feuerwehrkostheim.de\/index.php?rest_route=%2Fwp%2Fv2%2Fcomments&post=2112"}],"version-history":[{"count":0,"href":"https:\/\/www.feuerwehrkostheim.de\/index.php?rest_route=\/wp\/v2\/posts\/2112\/revisions"}],"wp:attachment":[{"href":"https:\/\/www.feuerwehrkostheim.de\/index.php?rest_route=%2Fwp%2Fv2%2Fmedia&parent=2112"}],"wp:term":[{"taxonomy":"category","embeddable":true,"href":"https:\/\/www.feuerwehrkostheim.de\/index.php?rest_route=%2Fwp%2Fv2%2Fcategories&post=2112"},{"taxonomy":"post_tag","embeddable":true,"href":"https:\/\/www.feuerwehrkostheim.de\/index.php?rest_route=%2Fwp%2Fv2%2Ftags&post=2112"}],"curies":[{"name":"wp","href":"https:\/\/api.w.org\/{rel}","templated":true}]}}