{"id":2097,"date":"2014-07-02T19:51:01","date_gmt":"2014-07-02T17:51:01","guid":{"rendered":"http:\/\/www.feuerwehrkostheim.de\/?p=2097"},"modified":"2018-06-02T14:05:55","modified_gmt":"2018-06-02T13:05:55","slug":"feuer-in-der-wilhelm-leuschner-schule-450-schueler-und-lehrer-in-sicherheit-gebracht","status":"publish","type":"post","link":"https:\/\/www.feuerwehrkostheim.de\/?p=2097","title":{"rendered":"Feuer in der Wilhelm-Leuschner-Schule &#8211; 450 Sch\u00fcler und Lehrer in Sicherheit gebracht"},"content":{"rendered":"<p><a title=\"R\u00e4umungs\u00fcbung WLS - 30.06.14 von FF-Kostheim bei Flickr\" href=\"https:\/\/www.flickr.com\/photos\/ffkostheim\/sets\/72157645427250426\" target=\"_blank\"><img loading=\"lazy\" decoding=\"async\" class=\"alignleft\" src=\"https:\/\/farm6.staticflickr.com\/5495\/14372786080_15d614b7cb_m.jpg\" alt=\"R\u00e4umungs\u00fcbung WLS - 30.06.14\" width=\"240\" height=\"180\" \/><\/a> Am Montagmorgen wurde es auf einmal laut in der Wilhelm-Leuschner-Schule. Um kurz nach 10 Uhr schrillte in allen R\u00e4umen der Feueralarm auf und die Feuerwehr fuhr mit Martinshorn auf den Schulhof um einen Brand im H-Bau zu bek\u00e4mpfen. Gl\u00fccklicherweise war das Feuer nur angenommen und der Einsatz der Feuerwehr diente der Schulleitung nur als realit\u00e4tsnahe Unterst\u00fctzung f\u00fcr einen unangek\u00fcndigten R\u00e4umungsalarm. Bei der R\u00e4umungs\u00fcbung sollten die Abl\u00e4ufe f\u00fcr einen m\u00f6glichen Ernstfall geprobt und eine sichere Evakuierung durchgef\u00fchrt werden.<\/p>\n<p><!--more--> <a title=\"R\u00e4umungs\u00fcbung WLS - 30.06.14 von FF-Kostheim bei Flickr\" href=\"https:\/\/www.flickr.com\/photos\/ffkostheim\/sets\/72157645427250426\" target=\"_blank\"><img loading=\"lazy\" decoding=\"async\" class=\"alignright\" src=\"https:\/\/farm6.staticflickr.com\/5561\/14556072571_835dcaa002_m.jpg\" alt=\"R\u00e4umungs\u00fcbung WLS - 30.06.14\" width=\"240\" height=\"180\" \/><\/a>Vor den Augen der Schulleiterin Inge Klein waren die Klassenr\u00e4ume schnell ger\u00e4umt und der Sammelplatz mit Sch\u00fclern und Lehrern gef\u00fcllt. Keine f\u00fcnf Minuten waren verstrichen, bis alle der 450, in den verschiedenen Geb\u00e4uden verteilten, Sch\u00fclern und Lehrkr\u00e4ften auf dem Sportplatz und somit in Sicherheit waren. Auch die Kontrolle der Anwesenheit verlief ohne Probleme.<br \/>\nDie Besatzung des Kostheimer L\u00f6schfahrzeuges baute unter den Augen der das Geb\u00e4ude verlassenden Sch\u00fclern einen kompletten L\u00f6schangriff auf und ging unter Atemschutz ins erste Obergeschoss vor. Nach der R\u00fcckmeldung von der Schulleitung, alle Personen seien in Sicherheit, konnte der \u00dcbungsaufbau zur\u00fcckgenommen werden.<\/p>\n","protected":false},"excerpt":{"rendered":"<p>Am Montagmorgen wurde es auf einmal laut in der Wilhelm-Leuschner-Schule. Um kurz nach 10 Uhr schrillte in allen R\u00e4umen der Feueralarm auf und die Feuerwehr fuhr mit Martinshorn auf den Schulhof um einen Brand im H-Bau zu bek\u00e4mpfen. Gl\u00fccklicherweise war das Feuer nur angenommen und der Einsatz der Feuerwehr diente der Schulleitung nur als realit\u00e4tsnahe [&hellip;]<\/p>\n","protected":false},"author":1,"featured_media":0,"comment_status":"closed","ping_status":"open","sticky":false,"template":"","format":"standard","meta":{"_et_pb_use_builder":"","_et_pb_old_content":"","_et_gb_content_width":"","_crdt_document":"","footnotes":""},"categories":[4],"tags":[743,105,225],"class_list":["post-2097","post","type-post","status-publish","format-standard","hentry","category-einsatzabteilung","tag-raeumung","tag-ubung","tag-wls"],"_links":{"self":[{"href":"https:\/\/www.feuerwehrkostheim.de\/index.php?rest_route=\/wp\/v2\/posts\/2097","targetHints":{"allow":["GET"]}}],"collection":[{"href":"https:\/\/www.feuerwehrkostheim.de\/index.php?rest_route=\/wp\/v2\/posts"}],"about":[{"href":"https:\/\/www.feuerwehrkostheim.de\/index.php?rest_route=\/wp\/v2\/types\/post"}],"author":[{"embeddable":true,"href":"https:\/\/www.feuerwehrkostheim.de\/index.php?rest_route=\/wp\/v2\/users\/1"}],"replies":[{"embeddable":true,"href":"https:\/\/www.feuerwehrkostheim.de\/index.php?rest_route=%2Fwp%2Fv2%2Fcomments&post=2097"}],"version-history":[{"count":0,"href":"https:\/\/www.feuerwehrkostheim.de\/index.php?rest_route=\/wp\/v2\/posts\/2097\/revisions"}],"wp:attachment":[{"href":"https:\/\/www.feuerwehrkostheim.de\/index.php?rest_route=%2Fwp%2Fv2%2Fmedia&parent=2097"}],"wp:term":[{"taxonomy":"category","embeddable":true,"href":"https:\/\/www.feuerwehrkostheim.de\/index.php?rest_route=%2Fwp%2Fv2%2Fcategories&post=2097"},{"taxonomy":"post_tag","embeddable":true,"href":"https:\/\/www.feuerwehrkostheim.de\/index.php?rest_route=%2Fwp%2Fv2%2Ftags&post=2097"}],"curies":[{"name":"wp","href":"https:\/\/api.w.org\/{rel}","templated":true}]}}