{"id":2088,"date":"2014-06-24T19:35:16","date_gmt":"2014-06-24T17:35:16","guid":{"rendered":"http:\/\/www.feuerwehrkostheim.de\/?p=2088"},"modified":"2018-06-02T14:05:55","modified_gmt":"2018-06-02T13:05:55","slug":"gemeldeter-wasserschaden-in-kastel","status":"publish","type":"post","link":"https:\/\/www.feuerwehrkostheim.de\/?p=2088","title":{"rendered":"Gemeldeter Wasserschaden in Kastel"},"content":{"rendered":"<p><img loading=\"lazy\" decoding=\"async\" class=\"alignleft\" title=\"Einsatz-Logo\" src=\"http:\/\/www.feuerwehrkostheim.de\/wp-content\/bilder\/sonstige\/logo_einsatz.jpg\" alt=\"Einsatz-Logo\" width=\"100\" height=\"100\" \/><strong>24. Juni 2014 &#8211; 16:26 Uhr<\/strong><br \/>\n<strong>Schwanengasse \/ Kastel<\/strong><br \/>\nFF-Einheit &#8211; Alarmgruppe mit FF Kastel<br \/>\nEinsatz 42 &#8211; 2014<\/p>\n<p>Ein vermeintlich gr\u00f6\u00dferer Wasserschaden wurde am Dienstagnachmittag in der Kasteler Schwanengasse gemeldet. Da zeitgleich der L\u00f6schzug der Feuerwache 2 bei einem anderen Einsatz gebunden war, wurde die Alarmgruppe der Wehren Kostheim und Kastel alarmiert. Zus\u00e4tzlich wurde der Einsatzleitdienst von der Innenstadtwache in Marsch gesetzt. Als die Einsatzkr\u00e4fte vor Ort ankamen, relativierte sich der Notruf relativ schnell. Es handelte sich lediglich um einen kleineren Wasseraustritt im Bereich einer Sp\u00fcle. Die Feuerwehr musste nicht t\u00e4tig werden und \u00fcbergab die Einsatzstelle an die Hausverwaltung.<\/p>\n","protected":false},"excerpt":{"rendered":"<p>24. Juni 2014 &#8211; 16:26 Uhr Schwanengasse \/ Kastel FF-Einheit &#8211; Alarmgruppe mit FF Kastel Einsatz 42 &#8211; 2014 Ein vermeintlich gr\u00f6\u00dferer Wasserschaden wurde am Dienstagnachmittag in der Kasteler Schwanengasse gemeldet. Da zeitgleich der L\u00f6schzug der Feuerwache 2 bei einem anderen Einsatz gebunden war, wurde die Alarmgruppe der Wehren Kostheim und Kastel alarmiert. Zus\u00e4tzlich wurde [&hellip;]<\/p>\n","protected":false},"author":1,"featured_media":0,"comment_status":"closed","ping_status":"open","sticky":false,"template":"","format":"standard","meta":{"_et_pb_use_builder":"","_et_pb_old_content":"","_et_gb_content_width":"","_crdt_document":"","footnotes":""},"categories":[5],"tags":[110,222,238],"class_list":["post-2088","post","type-post","status-publish","format-standard","hentry","category-einsatze","tag-alarmgruppe","tag-kastel","tag-wasserschaden"],"_links":{"self":[{"href":"https:\/\/www.feuerwehrkostheim.de\/index.php?rest_route=\/wp\/v2\/posts\/2088","targetHints":{"allow":["GET"]}}],"collection":[{"href":"https:\/\/www.feuerwehrkostheim.de\/index.php?rest_route=\/wp\/v2\/posts"}],"about":[{"href":"https:\/\/www.feuerwehrkostheim.de\/index.php?rest_route=\/wp\/v2\/types\/post"}],"author":[{"embeddable":true,"href":"https:\/\/www.feuerwehrkostheim.de\/index.php?rest_route=\/wp\/v2\/users\/1"}],"replies":[{"embeddable":true,"href":"https:\/\/www.feuerwehrkostheim.de\/index.php?rest_route=%2Fwp%2Fv2%2Fcomments&post=2088"}],"version-history":[{"count":0,"href":"https:\/\/www.feuerwehrkostheim.de\/index.php?rest_route=\/wp\/v2\/posts\/2088\/revisions"}],"wp:attachment":[{"href":"https:\/\/www.feuerwehrkostheim.de\/index.php?rest_route=%2Fwp%2Fv2%2Fmedia&parent=2088"}],"wp:term":[{"taxonomy":"category","embeddable":true,"href":"https:\/\/www.feuerwehrkostheim.de\/index.php?rest_route=%2Fwp%2Fv2%2Fcategories&post=2088"},{"taxonomy":"post_tag","embeddable":true,"href":"https:\/\/www.feuerwehrkostheim.de\/index.php?rest_route=%2Fwp%2Fv2%2Ftags&post=2088"}],"curies":[{"name":"wp","href":"https:\/\/api.w.org\/{rel}","templated":true}]}}