{"id":2039,"date":"2014-06-09T17:29:04","date_gmt":"2014-06-09T15:29:04","guid":{"rendered":"http:\/\/www.feuerwehrkostheim.de\/?p=2039"},"modified":"2018-06-02T14:05:56","modified_gmt":"2018-06-02T13:05:56","slug":"feuer-im-industriebetrieb-wachbesetzung","status":"publish","type":"post","link":"https:\/\/www.feuerwehrkostheim.de\/?p=2039","title":{"rendered":"Feuer im Industriebetrieb &#8211; Wachbesetzung"},"content":{"rendered":"<p><img loading=\"lazy\" decoding=\"async\" class=\"alignleft\" title=\"Einsatz-Logo\" src=\"http:\/\/www.feuerwehrkostheim.de\/wp-content\/bilder\/sonstige\/logo_einsatz.jpg\" alt=\"Einsatz-Logo\" width=\"100\" height=\"100\" \/><strong>09. Juni 2014 &#8211; 14:33 Uhr<\/strong><br \/>\n<strong>Feuerwache 2<\/strong><br \/>\nFF-Einheit &#8211; Alarmgruppe mit FF Kastel<br \/>\nEinsatz 36 &#8211; 2014<\/p>\n<p>Ein Feuer in einem Betrieb des Industrieparks Kalle-Albert war Grund f\u00fcr die Alarmierung zur Wachbesetzung der Feuerwache 2 in Kastel. Schon kurz nachdem der L\u00f6schzug zusammen mit der FF Biebrich auf das Werksgel\u00e4nde ausger\u00fcckt waren, entschied die Leitstelle, die verwaiste Wache im Wiesbadener S\u00fcden durch Kr\u00e4fte der Freiwilligen Feuerwehren Kostheim und Kastel zu besetzen. Bis 19 Uhr standen die Kameraden f\u00fcr m\u00f6gliche Eins\u00e4tze zur Verf\u00fcgung. Bei rekordverd\u00e4chtigen Temperaturwerten jenseits der 30 Grad Marke, musste gl\u00fccklicher Weise &#8211; bis auf kleinere Botenfahrten &#8211; kein Einsatz abgearbeitet werden.<\/p>\n","protected":false},"excerpt":{"rendered":"<p>09. Juni 2014 &#8211; 14:33 Uhr Feuerwache 2 FF-Einheit &#8211; Alarmgruppe mit FF Kastel Einsatz 36 &#8211; 2014 Ein Feuer in einem Betrieb des Industrieparks Kalle-Albert war Grund f\u00fcr die Alarmierung zur Wachbesetzung der Feuerwache 2 in Kastel. Schon kurz nachdem der L\u00f6schzug zusammen mit der FF Biebrich auf das Werksgel\u00e4nde ausger\u00fcckt waren, entschied die [&hellip;]<\/p>\n","protected":false},"author":1,"featured_media":0,"comment_status":"closed","ping_status":"open","sticky":false,"template":"","format":"standard","meta":{"_et_pb_use_builder":"","_et_pb_old_content":"","_et_gb_content_width":"","_crdt_document":"","footnotes":""},"categories":[5],"tags":[242,735,243],"class_list":["post-2039","post","type-post","status-publish","format-standard","hentry","category-einsatze","tag-feuerwache-2","tag-kalle-albert","tag-wachbesetzung"],"_links":{"self":[{"href":"https:\/\/www.feuerwehrkostheim.de\/index.php?rest_route=\/wp\/v2\/posts\/2039","targetHints":{"allow":["GET"]}}],"collection":[{"href":"https:\/\/www.feuerwehrkostheim.de\/index.php?rest_route=\/wp\/v2\/posts"}],"about":[{"href":"https:\/\/www.feuerwehrkostheim.de\/index.php?rest_route=\/wp\/v2\/types\/post"}],"author":[{"embeddable":true,"href":"https:\/\/www.feuerwehrkostheim.de\/index.php?rest_route=\/wp\/v2\/users\/1"}],"replies":[{"embeddable":true,"href":"https:\/\/www.feuerwehrkostheim.de\/index.php?rest_route=%2Fwp%2Fv2%2Fcomments&post=2039"}],"version-history":[{"count":0,"href":"https:\/\/www.feuerwehrkostheim.de\/index.php?rest_route=\/wp\/v2\/posts\/2039\/revisions"}],"wp:attachment":[{"href":"https:\/\/www.feuerwehrkostheim.de\/index.php?rest_route=%2Fwp%2Fv2%2Fmedia&parent=2039"}],"wp:term":[{"taxonomy":"category","embeddable":true,"href":"https:\/\/www.feuerwehrkostheim.de\/index.php?rest_route=%2Fwp%2Fv2%2Fcategories&post=2039"},{"taxonomy":"post_tag","embeddable":true,"href":"https:\/\/www.feuerwehrkostheim.de\/index.php?rest_route=%2Fwp%2Fv2%2Ftags&post=2039"}],"curies":[{"name":"wp","href":"https:\/\/api.w.org\/{rel}","templated":true}]}}