{"id":2035,"date":"2014-06-05T12:30:06","date_gmt":"2014-06-05T10:30:06","guid":{"rendered":"http:\/\/www.feuerwehrkostheim.de\/?p=2035"},"modified":"2018-06-02T14:05:56","modified_gmt":"2018-06-02T13:05:56","slug":"wachbesetzung-wegen-feuer-in-der-innenstadt","status":"publish","type":"post","link":"https:\/\/www.feuerwehrkostheim.de\/?p=2035","title":{"rendered":"Wachbesetzung wegen Feuer in der Innenstadt"},"content":{"rendered":"<p><img loading=\"lazy\" decoding=\"async\" class=\"alignleft\" title=\"Einsatz-Logo\" src=\"http:\/\/www.feuerwehrkostheim.de\/wp-content\/bilder\/sonstige\/logo_einsatz.jpg\" alt=\"Einsatz-Logo\" width=\"100\" height=\"100\" \/><strong>05. Juni 2014 &#8211; 15:20 Uhr<\/strong><br \/>\n<strong>Feuerwache 2<\/strong><br \/>\nFF-Einheit &#8211; Alamgruppe mit FF Kastel<br \/>\nEinsatz 35 &#8211; 2014<\/p>\n<p>Aufgrund eines ausgedehnten Wohnungsbrandes in der Wiesbadener Taunusstra\u00dfe, mussten am Donnerstagnachmittag die Wachen der Berufsfeuerwehr durch Kameraden der freiwilligen Feuerwehren besetzt werden. Die Wehren aus Kostheim und Kastel wurden als Alarmgruppe hierzu gegen 15:20 Uhr per Funkalarmempf\u00e4nger alarmiert. Sie fuhren kurze Zeit sp\u00e4ter die Wache 2 in der Kasteler St. Florian Stra\u00dfe an. Nach etwas mehr als drei Stunden konnte die Bereitschaft dort \u2013 gl\u00fccklicher Weise ohne einen Einsatz \u2013 wieder aufgehoben werden.<\/p>\n","protected":false},"excerpt":{"rendered":"<p>05. Juni 2014 &#8211; 15:20 Uhr Feuerwache 2 FF-Einheit &#8211; Alamgruppe mit FF Kastel Einsatz 35 &#8211; 2014 Aufgrund eines ausgedehnten Wohnungsbrandes in der Wiesbadener Taunusstra\u00dfe, mussten am Donnerstagnachmittag die Wachen der Berufsfeuerwehr durch Kameraden der freiwilligen Feuerwehren besetzt werden. Die Wehren aus Kostheim und Kastel wurden als Alarmgruppe hierzu gegen 15:20 Uhr per Funkalarmempf\u00e4nger [&hellip;]<\/p>\n","protected":false},"author":1,"featured_media":0,"comment_status":"closed","ping_status":"open","sticky":false,"template":"","format":"standard","meta":{"_et_pb_use_builder":"","_et_pb_old_content":"","_et_gb_content_width":"","_crdt_document":"","footnotes":""},"categories":[5],"tags":[110,242,243],"class_list":["post-2035","post","type-post","status-publish","format-standard","hentry","category-einsatze","tag-alarmgruppe","tag-feuerwache-2","tag-wachbesetzung"],"_links":{"self":[{"href":"https:\/\/www.feuerwehrkostheim.de\/index.php?rest_route=\/wp\/v2\/posts\/2035","targetHints":{"allow":["GET"]}}],"collection":[{"href":"https:\/\/www.feuerwehrkostheim.de\/index.php?rest_route=\/wp\/v2\/posts"}],"about":[{"href":"https:\/\/www.feuerwehrkostheim.de\/index.php?rest_route=\/wp\/v2\/types\/post"}],"author":[{"embeddable":true,"href":"https:\/\/www.feuerwehrkostheim.de\/index.php?rest_route=\/wp\/v2\/users\/1"}],"replies":[{"embeddable":true,"href":"https:\/\/www.feuerwehrkostheim.de\/index.php?rest_route=%2Fwp%2Fv2%2Fcomments&post=2035"}],"version-history":[{"count":0,"href":"https:\/\/www.feuerwehrkostheim.de\/index.php?rest_route=\/wp\/v2\/posts\/2035\/revisions"}],"wp:attachment":[{"href":"https:\/\/www.feuerwehrkostheim.de\/index.php?rest_route=%2Fwp%2Fv2%2Fmedia&parent=2035"}],"wp:term":[{"taxonomy":"category","embeddable":true,"href":"https:\/\/www.feuerwehrkostheim.de\/index.php?rest_route=%2Fwp%2Fv2%2Fcategories&post=2035"},{"taxonomy":"post_tag","embeddable":true,"href":"https:\/\/www.feuerwehrkostheim.de\/index.php?rest_route=%2Fwp%2Fv2%2Ftags&post=2035"}],"curies":[{"name":"wp","href":"https:\/\/api.w.org\/{rel}","templated":true}]}}