{"id":2024,"date":"2014-05-28T15:03:46","date_gmt":"2014-05-28T13:03:46","guid":{"rendered":"http:\/\/www.feuerwehrkostheim.de\/?p=2024"},"modified":"2018-06-02T14:05:56","modified_gmt":"2018-06-02T13:05:56","slug":"brandverdacht-in-der-frankfurter-strasse","status":"publish","type":"post","link":"https:\/\/www.feuerwehrkostheim.de\/?p=2024","title":{"rendered":"Brandverdacht in der Frankfurter Stra\u00dfe"},"content":{"rendered":"<p><img loading=\"lazy\" decoding=\"async\" class=\"alignleft\" title=\"Einsatz-Logo\" src=\"http:\/\/www.feuerwehrkostheim.de\/wp-content\/bilder\/sonstige\/logo_einsatz.jpg\" alt=\"Einsatz-Logo\" width=\"100\" height=\"100\" \/><strong>27. Mai 2014 &#8211; 16:47 Uhr<br \/>\n<\/strong><strong>Frankfurter Stra\u00dfe 16 &#8211; Kastel<\/strong><br \/>\nFF-Einheit &#8211; Alarmgruppe mit FF Kastel<br \/>\nEinsatz 33 &#8211; 2014<\/p>\n<p>Am Dienstagnachmittag wurden die Feuerwehren Kostheim und Kastel als Alarmgruppe zusammen mit dem L\u00f6schzug der Berufsfeuerwehr in die Frankfurter Stra\u00dfe nach Kastel alarmiert. Grund hierf\u00fcr war ein vermeintlicher Brandgeruch innerhalb des Geb\u00e4udes. An der Einsatzstelle angekommen, brachte die \u00dcberpr\u00fcfung gl\u00fccklicher Weise keine Hinweise auf ein Feuer. Vermutlich war Kaffeer\u00f6stgeruch eines benachbarten Caf\u00e9s der Ausl\u00f6ser. Der Einsatz konnte nach 20 Minuten beendet werden.<\/p>\n","protected":false},"excerpt":{"rendered":"<p>27. Mai 2014 &#8211; 16:47 Uhr Frankfurter Stra\u00dfe 16 &#8211; Kastel FF-Einheit &#8211; Alarmgruppe mit FF Kastel Einsatz 33 &#8211; 2014 Am Dienstagnachmittag wurden die Feuerwehren Kostheim und Kastel als Alarmgruppe zusammen mit dem L\u00f6schzug der Berufsfeuerwehr in die Frankfurter Stra\u00dfe nach Kastel alarmiert. Grund hierf\u00fcr war ein vermeintlicher Brandgeruch innerhalb des Geb\u00e4udes. An der [&hellip;]<\/p>\n","protected":false},"author":1,"featured_media":0,"comment_status":"closed","ping_status":"open","sticky":false,"template":"","format":"standard","meta":{"_et_pb_use_builder":"","_et_pb_old_content":"","_et_gb_content_width":"","_crdt_document":"","footnotes":""},"categories":[5],"tags":[112,113],"class_list":["post-2024","post","type-post","status-publish","format-standard","hentry","category-einsatze","tag-brandverdacht","tag-fehlalarm"],"_links":{"self":[{"href":"https:\/\/www.feuerwehrkostheim.de\/index.php?rest_route=\/wp\/v2\/posts\/2024","targetHints":{"allow":["GET"]}}],"collection":[{"href":"https:\/\/www.feuerwehrkostheim.de\/index.php?rest_route=\/wp\/v2\/posts"}],"about":[{"href":"https:\/\/www.feuerwehrkostheim.de\/index.php?rest_route=\/wp\/v2\/types\/post"}],"author":[{"embeddable":true,"href":"https:\/\/www.feuerwehrkostheim.de\/index.php?rest_route=\/wp\/v2\/users\/1"}],"replies":[{"embeddable":true,"href":"https:\/\/www.feuerwehrkostheim.de\/index.php?rest_route=%2Fwp%2Fv2%2Fcomments&post=2024"}],"version-history":[{"count":0,"href":"https:\/\/www.feuerwehrkostheim.de\/index.php?rest_route=\/wp\/v2\/posts\/2024\/revisions"}],"wp:attachment":[{"href":"https:\/\/www.feuerwehrkostheim.de\/index.php?rest_route=%2Fwp%2Fv2%2Fmedia&parent=2024"}],"wp:term":[{"taxonomy":"category","embeddable":true,"href":"https:\/\/www.feuerwehrkostheim.de\/index.php?rest_route=%2Fwp%2Fv2%2Fcategories&post=2024"},{"taxonomy":"post_tag","embeddable":true,"href":"https:\/\/www.feuerwehrkostheim.de\/index.php?rest_route=%2Fwp%2Fv2%2Ftags&post=2024"}],"curies":[{"name":"wp","href":"https:\/\/api.w.org\/{rel}","templated":true}]}}