{"id":2022,"date":"2014-05-27T13:21:01","date_gmt":"2014-05-27T11:21:01","guid":{"rendered":"http:\/\/www.feuerwehrkostheim.de\/?p=2022"},"modified":"2018-06-02T14:05:56","modified_gmt":"2018-06-02T13:05:56","slug":"starkregen-ueberflutet-keller-unterstuetzung-im-stadtgebiet","status":"publish","type":"post","link":"https:\/\/www.feuerwehrkostheim.de\/?p=2022","title":{"rendered":"Starkregen \u00fcberflutet Keller &#8211; Unterst\u00fctzung im Stadtgebiet"},"content":{"rendered":"<p><img loading=\"lazy\" decoding=\"async\" class=\"alignleft\" title=\"Einsatz-Logo\" src=\"http:\/\/www.feuerwehrkostheim.de\/wp-content\/bilder\/sonstige\/logo_einsatz.jpg\" alt=\"Einsatz-Logo\" width=\"100\" height=\"100\" \/><strong>26. Mai 2014 &#8211; 22:32 Uhr<\/strong><br \/>\n<strong>Stadtgebiet Wiesbaden<\/strong><br \/>\nFF-Einheit<br \/>\nEinsatz 31 und 32 &#8211; 2014<\/p>\n<p>Ein ergiebiger Regenguss bescherte den Wiesbadener Feuerwehren einen arbeitsreichen Montagabend. Kurz nach 21 Uhr liefen die ersten Notrufe in der Leitstelle ein und meldeten voll gelaufene Keller sowie Tiefgaragen. \u00dcberwiegend betroffen waren die Bereiche Dotzheim und Klarenthal. Nach und nach wurden immer mehr Freiwillige Feuerwehren zur Unterst\u00fctzung nachgefordert. Nach etwa einer Stunde wurden auch die Kameraden der Kostheimer Wehr alarmiert. Sie unterst\u00fctzten die Kr\u00e4fte in der Innenstadt an zwei Einsatzstellen. Das LF10 fuhr die Stegerwaldstra\u00dfe in Dotzheim an, das LF 16-TS wurde in die Hirtenstra\u00dfe beordert. Da schon zu Beginn der Einsatzphase die IuK-Gruppe alarmiert wurde, unterst\u00fctzen vier Kameraden aus Kostheim mit ihren Kollegen zudem das Leitstellenpersonal. Gegen Mitternacht beruhigte sich die Lage und die frei gewordenen Einheiten konnten langsam wieder einr\u00fccken.<\/p>\n<ul>\n<li><em><strong>Wiesbaden Aktuell<\/strong><\/em><br \/>\n<a href=\"http:\/\/www.wiesbadenaktuell.de\/nachrichten\/news-detail-view\/article\/zahlreiche-einsaetze-nach-starkregen.html\" target=\"_blank\">Zahlreiche Eins\u00e4tze nach Starkregen &#8211; Wasserspiele von Wiesbaden<\/a><\/li>\n<\/ul>\n<p>&nbsp;<\/p>\n","protected":false},"excerpt":{"rendered":"<p>26. Mai 2014 &#8211; 22:32 Uhr Stadtgebiet Wiesbaden FF-Einheit Einsatz 31 und 32 &#8211; 2014 Ein ergiebiger Regenguss bescherte den Wiesbadener Feuerwehren einen arbeitsreichen Montagabend. Kurz nach 21 Uhr liefen die ersten Notrufe in der Leitstelle ein und meldeten voll gelaufene Keller sowie Tiefgaragen. \u00dcberwiegend betroffen waren die Bereiche Dotzheim und Klarenthal. Nach und nach [&hellip;]<\/p>\n","protected":false},"author":1,"featured_media":0,"comment_status":"closed","ping_status":"open","sticky":false,"template":"","format":"standard","meta":{"_et_pb_use_builder":"","_et_pb_old_content":"","_et_gb_content_width":"","_crdt_document":"","footnotes":""},"categories":[5],"tags":[236,370,655,438,220,89],"class_list":["post-2022","post","type-post","status-publish","format-standard","hentry","category-einsatze","tag-keller","tag-pumpen","tag-regen","tag-stadtgebiet","tag-tiefgarage","tag-unwetter"],"_links":{"self":[{"href":"https:\/\/www.feuerwehrkostheim.de\/index.php?rest_route=\/wp\/v2\/posts\/2022","targetHints":{"allow":["GET"]}}],"collection":[{"href":"https:\/\/www.feuerwehrkostheim.de\/index.php?rest_route=\/wp\/v2\/posts"}],"about":[{"href":"https:\/\/www.feuerwehrkostheim.de\/index.php?rest_route=\/wp\/v2\/types\/post"}],"author":[{"embeddable":true,"href":"https:\/\/www.feuerwehrkostheim.de\/index.php?rest_route=\/wp\/v2\/users\/1"}],"replies":[{"embeddable":true,"href":"https:\/\/www.feuerwehrkostheim.de\/index.php?rest_route=%2Fwp%2Fv2%2Fcomments&post=2022"}],"version-history":[{"count":0,"href":"https:\/\/www.feuerwehrkostheim.de\/index.php?rest_route=\/wp\/v2\/posts\/2022\/revisions"}],"wp:attachment":[{"href":"https:\/\/www.feuerwehrkostheim.de\/index.php?rest_route=%2Fwp%2Fv2%2Fmedia&parent=2022"}],"wp:term":[{"taxonomy":"category","embeddable":true,"href":"https:\/\/www.feuerwehrkostheim.de\/index.php?rest_route=%2Fwp%2Fv2%2Fcategories&post=2022"},{"taxonomy":"post_tag","embeddable":true,"href":"https:\/\/www.feuerwehrkostheim.de\/index.php?rest_route=%2Fwp%2Fv2%2Ftags&post=2022"}],"curies":[{"name":"wp","href":"https:\/\/api.w.org\/{rel}","templated":true}]}}