{"id":1982,"date":"2014-05-09T22:08:16","date_gmt":"2014-05-09T20:08:16","guid":{"rendered":"http:\/\/www.feuerwehrkostheim.de\/?p=1982"},"modified":"2018-06-02T14:05:57","modified_gmt":"2018-06-02T13:05:57","slug":"angebranntes-essen-im-teufelsprung","status":"publish","type":"post","link":"https:\/\/www.feuerwehrkostheim.de\/?p=1982","title":{"rendered":"Angebranntes Essen im Teufelsprung"},"content":{"rendered":"<p><img loading=\"lazy\" decoding=\"async\" class=\"alignleft\" title=\"Einsatz-Logo\" src=\"http:\/\/www.feuerwehrkostheim.de\/wp-content\/bilder\/sonstige\/logo_einsatz.jpg\" alt=\"Einsatz-Logo\" width=\"100\" height=\"100\" \/><strong>09. Mai 2014 &#8211; 18:01 Uhr<\/strong><br \/>\n<strong>Teufelsprung 3<\/strong><br \/>\nFF-Einheit<br \/>\nEinsatz 26 &#8211; 2014<\/p>\n<p>Die Kameraden der Einsatzabteilung nahmen gerade im Lehrsaal des Ger\u00e4tehauses platz, um mit der <a href=\"http:\/\/www.feuerwehrkostheim.de\/?p=1975\" target=\"_blank\">au\u00dferordentlichen Jahreshauptversammlung<\/a> beginnen zu k\u00f6nnen, als deren Meldeempf\u00e4nger ausgel\u00f6st wurden. Nur wenige Sekunden sp\u00e4ter fuhren alle drei Einsatzfahrzeuge der Wehr mit insgesamt 25 Kameraden die Einsatzstelle im Teufelsprung an. Neben einem laut t\u00f6nenden Rauchmelder soll auch Brandgeruch wahr zu nehmen sein. Da parallel der L\u00f6schzug in Kastel bei einem Schwelbrand eingebunden war, entsandte die Leitstelle zus\u00e4tzlich die dort freie FF Kastel in den Nachbarort.<br \/>\nDie Erkundung des Kostheimer Gruppenf\u00fchrers best\u00e4tigte die gemeldete Situation. Die Wohnungst\u00fcr wurde gewaltsam ge\u00f6ffnet und ein Trupp unter Atemschutz begab sich in die R\u00e4umlichkeiten. Die Ursache der Rauchentwicklung konnte schnell lokalisiert werden &#8211; angebranntes Essen stand auf den\u00a0eingeschalteten Herdplatten.<\/p>\n<p>Da man den Beginn der insgesamt 2 Versammlungen an diesem Abend nicht noch weiter verz\u00f6gern wollte, \u00fcbernahmen die Kameraden aus Kastel die Bel\u00fcftungsma\u00dfnahmen und r\u00fcckte vorzeitig wieder ein. Das Aufr\u00fcsten der benutzten Atemschutzflaschen und Masken erledigte man ebenfalls erst sp\u00e4ter am Abend.<\/p>\n","protected":false},"excerpt":{"rendered":"<p>09. Mai 2014 &#8211; 18:01 Uhr Teufelsprung 3 FF-Einheit Einsatz 26 &#8211; 2014 Die Kameraden der Einsatzabteilung nahmen gerade im Lehrsaal des Ger\u00e4tehauses platz, um mit der au\u00dferordentlichen Jahreshauptversammlung beginnen zu k\u00f6nnen, als deren Meldeempf\u00e4nger ausgel\u00f6st wurden. Nur wenige Sekunden sp\u00e4ter fuhren alle drei Einsatzfahrzeuge der Wehr mit insgesamt 25 Kameraden die Einsatzstelle im Teufelsprung [&hellip;]<\/p>\n","protected":false},"author":1,"featured_media":0,"comment_status":"closed","ping_status":"open","sticky":false,"template":"","format":"standard","meta":{"_et_pb_use_builder":"","_et_pb_old_content":"","_et_gb_content_width":"","_crdt_document":"","footnotes":""},"categories":[5],"tags":[344,112,375,254],"class_list":["post-1982","post","type-post","status-publish","format-standard","hentry","category-einsatze","tag-angebranntes-kochgut","tag-brandverdacht","tag-rauchmelder","tag-turoffnung"],"_links":{"self":[{"href":"https:\/\/www.feuerwehrkostheim.de\/index.php?rest_route=\/wp\/v2\/posts\/1982","targetHints":{"allow":["GET"]}}],"collection":[{"href":"https:\/\/www.feuerwehrkostheim.de\/index.php?rest_route=\/wp\/v2\/posts"}],"about":[{"href":"https:\/\/www.feuerwehrkostheim.de\/index.php?rest_route=\/wp\/v2\/types\/post"}],"author":[{"embeddable":true,"href":"https:\/\/www.feuerwehrkostheim.de\/index.php?rest_route=\/wp\/v2\/users\/1"}],"replies":[{"embeddable":true,"href":"https:\/\/www.feuerwehrkostheim.de\/index.php?rest_route=%2Fwp%2Fv2%2Fcomments&post=1982"}],"version-history":[{"count":0,"href":"https:\/\/www.feuerwehrkostheim.de\/index.php?rest_route=\/wp\/v2\/posts\/1982\/revisions"}],"wp:attachment":[{"href":"https:\/\/www.feuerwehrkostheim.de\/index.php?rest_route=%2Fwp%2Fv2%2Fmedia&parent=1982"}],"wp:term":[{"taxonomy":"category","embeddable":true,"href":"https:\/\/www.feuerwehrkostheim.de\/index.php?rest_route=%2Fwp%2Fv2%2Fcategories&post=1982"},{"taxonomy":"post_tag","embeddable":true,"href":"https:\/\/www.feuerwehrkostheim.de\/index.php?rest_route=%2Fwp%2Fv2%2Ftags&post=1982"}],"curies":[{"name":"wp","href":"https:\/\/api.w.org\/{rel}","templated":true}]}}