{"id":1975,"date":"2014-05-10T12:08:18","date_gmt":"2014-05-10T10:08:18","guid":{"rendered":"http:\/\/www.feuerwehrkostheim.de\/?p=1975"},"modified":"2018-06-02T14:05:57","modified_gmt":"2018-06-02T13:05:57","slug":"kostheimer-wehr-waehlt-neue-fuehrung","status":"publish","type":"post","link":"https:\/\/www.feuerwehrkostheim.de\/?p=1975","title":{"rendered":"Kostheimer Wehr w\u00e4hlt neue F\u00fchrung"},"content":{"rendered":"<p><a title=\"Ausserordentliche Hauptversammlungen - 09.05.14 von FF-Kostheim bei Flickr\" href=\"https:\/\/www.flickr.com\/photos\/ffkostheim\/sets\/72157644589992771\/\" target=\"_blank\"><img loading=\"lazy\" decoding=\"async\" class=\"alignleft\" src=\"https:\/\/farm8.staticflickr.com\/7434\/13963930199_b5f7129a6c_m.jpg\" alt=\"Ausserordentliche Hauptversammlungen - 09.05.14\" width=\"240\" height=\"181\" \/><\/a> Zu einer au\u00dferordentlichen Mitgliederversammlung lud die Kostheimer Feuerwehr ihre Mitglieder am vergangenen Freitag im Feuerwehrger\u00e4tehaus ein. Thomas Stein, der Anfang M\u00e4rz zum Stadtbrandinspektor der Landeshauptstadt Wiesbaden gew\u00e4hlt worden war, hatte seinen R\u00fccktritt von seinen \u00c4mtern als Wehrf\u00fchrer und Vereinsvorsitzender des F\u00f6rdervereins der Wehr angek\u00fcndigt.<br \/>\nDoch ganz ohne Hindernisse sollte die Veranstaltung nicht von statten gehen. Just in dem Moment, in dem Stein die Versammlung er\u00f6ffnen wollte, ert\u00f6nte der Klang von rund 30 Funkalarmempf\u00e4ngern im Lehrsaal des Kostheimer Feuerwehrhauses. Im Teufelsprung hatten Anwohner einen Brandgeruch im Treppenhaus gemeldet. Vor Ort stellte sich jedoch schnell heraus, dass es sich lediglich um angebranntes Kochgut handelte.<br \/>\nMit knapp halbst\u00fcndiger Versp\u00e4tung konnte die Versammlung schlie\u00dflich er\u00f6ffnet werden.<\/p>\n<p><!--more-->In seiner Begr\u00fc\u00dfungsrede blickte Stein, der im Jahr 2003 zum Wehrf\u00fchrer gew\u00e4hlt worden, wehm\u00fctig auf das gemeinschaftlich in den vergangenen Jahre Geleistete zur\u00fcck. Es sei im schwer gefallen, das Amt des Wehrf\u00fchrers abzugeben. Gleichwohl sei ihm schon bei der Kandidatur zum Stadtbrandinspektor klar gewesen, dass sein neues Amt mit der Fortf\u00fchrung des Wehrf\u00fchreramtes unvereinbar gewesen w\u00e4re, da dies zwangsl\u00e4ufig zu Interessenskonflikten gef\u00fchrt h\u00e4tte und zeitlich nicht zu vereinbaren gewesen w\u00e4re.<br \/>\nZugleich wisse er die Kostheimer Feuerwehr bei seinen potentiellen Nachfolgern in guten H\u00e4nden.<br \/>\n<a title=\"Ausserordentliche Hauptversammlungen - 09.05.14 von FF-Kostheim bei Flickr\" href=\"https:\/\/www.flickr.com\/photos\/ffkostheim\/sets\/72157644589992771\/\" target=\"_blank\"><img loading=\"lazy\" decoding=\"async\" class=\"alignright\" src=\"https:\/\/farm3.staticflickr.com\/2904\/14150745254_945d0fbdaa_m.jpg\" alt=\"Ausserordentliche Hauptversammlungen - 09.05.14\" width=\"240\" height=\"159\" \/><\/a> Harald M\u00fcller, Leiter der Wiesbadener Berufsfeuerwehr, der es sich nicht nehmen lie\u00df der Versammlung beizuwohnen, dankte Stein f\u00fcr sein erfolgreiches Wirken in den vergangenen 11 Jahren. Unter Stein als Wehrf\u00fchrer sei es der Kostheimer Feuerwehr gelungen, eine schwierige Talsohle zu \u00fcberwinden und die Wehr scheinbar ohne Nachwuchssorgen f\u00fcr die Zukunft zu r\u00fcsten. Mit 32 aktiven Feuerwehrfrauen und \u2013m\u00e4nnern z\u00e4hlt die Kostheimer Feuerwehr zu den personell am st\u00e4rksten aufgestellten Wehren im Stadtgebiet.<\/p>\n<p><a title=\"Ausserordentliche Hauptversammlungen - 09.05.14 von FF-Kostheim bei Flickr\" href=\"https:\/\/www.flickr.com\/photos\/ffkostheim\/sets\/72157644589992771\/\" target=\"_blank\"><img loading=\"lazy\" decoding=\"async\" class=\"alignleft\" src=\"https:\/\/farm8.staticflickr.com\/7300\/13963905767_f487928b9c_m.jpg\" alt=\"Ausserordentliche Hauptversammlungen - 09.05.14\" width=\"240\" height=\"159\" \/><\/a> In Anerkennung f\u00fcr diese Leistung verliehen M\u00fcller und der ebenfalls anwesende stellvertretende Stadtbranddirektor Lorenz Grebner Thomas Stein die Ehrenmedaille des Nassauischen Feuerwehrverbandes in Gold.<\/p>\n<p>Bei der sich anschlie\u00dfenden Neuwahl wurde Steins bisheriger Stellvertreter, der 37-j\u00e4hrige Oberbrandmeister Torsten Krimmel zum neuen Wehrf\u00fchrer gew\u00e4hlt. Zu seinem Stellvertreter w\u00e4hlten die Aktiven der Wehr den 39-j\u00e4hrigen Oberl\u00f6schmeister Michael Stark.<br \/>\nEinem alten Grundsatz der Kostheimer Feuerwehr folgend, wonach der Vereinsvorsitz traditionell von der Wehrf\u00fchrung \u00fcbernommen wird, w\u00e4hlten die anwesenden Mitglieder im anschlie\u00dfenden Vereinsteil Krimmel und Stark zum ersten bzw. zweiten Vorsitzenden des F\u00f6rdervereins.<\/p>\n<p><a title=\"Ausserordentliche Hauptversammlungen - 09.05.14 von FF-Kostheim bei Flickr\" href=\"https:\/\/www.flickr.com\/photos\/ffkostheim\/sets\/72157644589992771\/\" target=\"_blank\"><img loading=\"lazy\" decoding=\"async\" class=\"alignright\" src=\"https:\/\/farm8.staticflickr.com\/7436\/14150596415_2590a81ee9_m.jpg\" alt=\"Ausserordentliche Hauptversammlungen - 09.05.14\" width=\"240\" height=\"159\" \/><\/a>Gut gelaunt endete die Veranstaltung nach knapp zwei Stunden mit dem Singen des Kostheimer Feuerwehrliedes. Dabei \u00fcberraschte der Pr\u00e4historische Spielmannszug die Anwesenden mit deren musikalischen Begleitung.<\/p>\n","protected":false},"excerpt":{"rendered":"<p>Zu einer au\u00dferordentlichen Mitgliederversammlung lud die Kostheimer Feuerwehr ihre Mitglieder am vergangenen Freitag im Feuerwehrger\u00e4tehaus ein. Thomas Stein, der Anfang M\u00e4rz zum Stadtbrandinspektor der Landeshauptstadt Wiesbaden gew\u00e4hlt worden war, hatte seinen R\u00fccktritt von seinen \u00c4mtern als Wehrf\u00fchrer und Vereinsvorsitzender des F\u00f6rdervereins der Wehr angek\u00fcndigt. Doch ganz ohne Hindernisse sollte die Veranstaltung nicht von statten gehen. [&hellip;]<\/p>\n","protected":false},"author":1,"featured_media":0,"comment_status":"closed","ping_status":"open","sticky":false,"template":"","format":"standard","meta":{"_et_pb_use_builder":"","_et_pb_old_content":"","_et_gb_content_width":"","_crdt_document":"","footnotes":""},"categories":[4,10],"tags":[193,719,721],"class_list":["post-1975","post","type-post","status-publish","format-standard","hentry","category-einsatzabteilung","category-verein","tag-neuwahlen","tag-wehrfuehrer","tag-wehrfuehrung"],"_links":{"self":[{"href":"https:\/\/www.feuerwehrkostheim.de\/index.php?rest_route=\/wp\/v2\/posts\/1975","targetHints":{"allow":["GET"]}}],"collection":[{"href":"https:\/\/www.feuerwehrkostheim.de\/index.php?rest_route=\/wp\/v2\/posts"}],"about":[{"href":"https:\/\/www.feuerwehrkostheim.de\/index.php?rest_route=\/wp\/v2\/types\/post"}],"author":[{"embeddable":true,"href":"https:\/\/www.feuerwehrkostheim.de\/index.php?rest_route=\/wp\/v2\/users\/1"}],"replies":[{"embeddable":true,"href":"https:\/\/www.feuerwehrkostheim.de\/index.php?rest_route=%2Fwp%2Fv2%2Fcomments&post=1975"}],"version-history":[{"count":0,"href":"https:\/\/www.feuerwehrkostheim.de\/index.php?rest_route=\/wp\/v2\/posts\/1975\/revisions"}],"wp:attachment":[{"href":"https:\/\/www.feuerwehrkostheim.de\/index.php?rest_route=%2Fwp%2Fv2%2Fmedia&parent=1975"}],"wp:term":[{"taxonomy":"category","embeddable":true,"href":"https:\/\/www.feuerwehrkostheim.de\/index.php?rest_route=%2Fwp%2Fv2%2Fcategories&post=1975"},{"taxonomy":"post_tag","embeddable":true,"href":"https:\/\/www.feuerwehrkostheim.de\/index.php?rest_route=%2Fwp%2Fv2%2Ftags&post=1975"}],"curies":[{"name":"wp","href":"https:\/\/api.w.org\/{rel}","templated":true}]}}