{"id":1963,"date":"2014-05-06T19:01:27","date_gmt":"2014-05-06T17:01:27","guid":{"rendered":"http:\/\/www.feuerwehrkostheim.de\/?p=1963"},"modified":"2018-06-02T14:05:57","modified_gmt":"2018-06-02T13:05:57","slug":"stadtbrandinspektor-thomas-stein-tritt-als-wehrfuehrer-zurueck-ergaenzungswahlen-bei-der-kostheimer-feuerwehr","status":"publish","type":"post","link":"https:\/\/www.feuerwehrkostheim.de\/?p=1963","title":{"rendered":"Stadtbrandinspektor Thomas Stein tritt als Wehrf\u00fchrer zur\u00fcck \u2013 Erg\u00e4nzungswahlen bei der Kostheimer Feuerwehr"},"content":{"rendered":"<p><a href=\"http:\/\/www.feuerwehrkostheim.de\/wp-content\/uploads\/2014\/05\/FlorianWappen-or-klein-180.jpg\"><img loading=\"lazy\" decoding=\"async\" class=\"alignleft wp-image-1965 size-thumbnail\" src=\"http:\/\/www.feuerwehrkostheim.de\/wp-content\/uploads\/2014\/05\/FlorianWappen-or-klein-180-150x150.jpg\" alt=\"FlorianWappen Klein\" width=\"150\" height=\"150\" srcset=\"https:\/\/www.feuerwehrkostheim.de\/wp-content\/uploads\/2014\/05\/FlorianWappen-or-klein-180-150x150.jpg 150w, https:\/\/www.feuerwehrkostheim.de\/wp-content\/uploads\/2014\/05\/FlorianWappen-or-klein-180.jpg 180w\" sizes=\"(max-width: 150px) 100vw, 150px\" \/><\/a>Am kommenden Freitag (09. Mai 2014) l\u00e4dt die Feuerwehr Kostheim zu zwei au\u00dferplanm\u00e4\u00dfigen Mitgliederversammlungen ein. Diese sind n\u00f6tig geworden, da der jetzige Wehrf\u00fchrer und Vereinsvorsitzende Thomas Stein von seinen F\u00fchrungs\u00e4mtern bei der Kostheimer Wehr zur\u00fccktreten wird. Grund hierf\u00fcr ist seine Wahl zum Stadtbrandinspektor des Kreisfeuerwehrverbandes Wiesbadens Ende M\u00e4rz. Da er nun als Vertreter aller Wiesbadener freiwilligen Feuerwehren fungiert und zeitgleich noch Vorsitzender der Feuerwehrsterbekasse Wiesbaden ist, hat er sich entschlossen, die F\u00fchrung der Feuerwehr Kostheim abzugeben. Die parallele Aus\u00fcbung all dieser verantwortungsvollen \u00c4mter mit dem n\u00f6tigen Engagement, l\u00e4sst die begrenzte Zeit des beruflich bei der Werkfeuerwehr InfraServ Hoechst t\u00e4tigen Stadtbrandinspektors nicht zu.<\/p>\n<p>Somit muss die \u00f6ffentlich-rechtliche Abteilung \u2013 die Einsatzabteilung &#8211; an diesem Freitag um 18 Uhr einen neuen Wehrf\u00fchrer w\u00e4hlen. Eine Stunde sp\u00e4ter stehen die Neu- bzw. Erg\u00e4nzungswahlen im F\u00f6rderverein der Feuerwehr an. Hier legt Stein das Amt des Vereinsvorsitzenden nieder.<\/p>\n<p>Alle Vereinsmitglieder sind herzlich eingeladen, die au\u00dferordentlichen Jahreshauptversammlung um 19 Uhr zu besuchen. Beide Versammlungen finden im Lehrsaal des Kostheimer Ger\u00e4tehauses statt.<\/p>\n","protected":false},"excerpt":{"rendered":"<p>Am kommenden Freitag (09. Mai 2014) l\u00e4dt die Feuerwehr Kostheim zu zwei au\u00dferplanm\u00e4\u00dfigen Mitgliederversammlungen ein. Diese sind n\u00f6tig geworden, da der jetzige Wehrf\u00fchrer und Vereinsvorsitzende Thomas Stein von seinen F\u00fchrungs\u00e4mtern bei der Kostheimer Wehr zur\u00fccktreten wird. Grund hierf\u00fcr ist seine Wahl zum Stadtbrandinspektor des Kreisfeuerwehrverbandes Wiesbadens Ende M\u00e4rz. Da er nun als Vertreter aller Wiesbadener [&hellip;]<\/p>\n","protected":false},"author":1,"featured_media":0,"comment_status":"closed","ping_status":"open","sticky":false,"template":"","format":"standard","meta":{"_et_pb_use_builder":"","_et_pb_old_content":"","_et_gb_content_width":"","_crdt_document":"","footnotes":""},"categories":[4,9,10],"tags":[720,707,581,719],"class_list":["post-1963","post","type-post","status-publish","format-standard","hentry","category-einsatzabteilung","category-veranstaltungen","category-verein","tag-neuwahl","tag-stadtbrandinspektor","tag-wahl","tag-wehrfuehrer"],"_links":{"self":[{"href":"https:\/\/www.feuerwehrkostheim.de\/index.php?rest_route=\/wp\/v2\/posts\/1963","targetHints":{"allow":["GET"]}}],"collection":[{"href":"https:\/\/www.feuerwehrkostheim.de\/index.php?rest_route=\/wp\/v2\/posts"}],"about":[{"href":"https:\/\/www.feuerwehrkostheim.de\/index.php?rest_route=\/wp\/v2\/types\/post"}],"author":[{"embeddable":true,"href":"https:\/\/www.feuerwehrkostheim.de\/index.php?rest_route=\/wp\/v2\/users\/1"}],"replies":[{"embeddable":true,"href":"https:\/\/www.feuerwehrkostheim.de\/index.php?rest_route=%2Fwp%2Fv2%2Fcomments&post=1963"}],"version-history":[{"count":0,"href":"https:\/\/www.feuerwehrkostheim.de\/index.php?rest_route=\/wp\/v2\/posts\/1963\/revisions"}],"wp:attachment":[{"href":"https:\/\/www.feuerwehrkostheim.de\/index.php?rest_route=%2Fwp%2Fv2%2Fmedia&parent=1963"}],"wp:term":[{"taxonomy":"category","embeddable":true,"href":"https:\/\/www.feuerwehrkostheim.de\/index.php?rest_route=%2Fwp%2Fv2%2Fcategories&post=1963"},{"taxonomy":"post_tag","embeddable":true,"href":"https:\/\/www.feuerwehrkostheim.de\/index.php?rest_route=%2Fwp%2Fv2%2Ftags&post=1963"}],"curies":[{"name":"wp","href":"https:\/\/api.w.org\/{rel}","templated":true}]}}