{"id":1925,"date":"2014-04-13T18:32:00","date_gmt":"2014-04-13T16:32:00","guid":{"rendered":"http:\/\/www.feuerwehrkostheim.de\/?p=1925"},"modified":"2018-06-02T14:05:58","modified_gmt":"2018-06-02T13:05:58","slug":"wachbesetzung-wegen-dachstuhlbrand-in-wiesbaden","status":"publish","type":"post","link":"https:\/\/www.feuerwehrkostheim.de\/?p=1925","title":{"rendered":"Wachbesetzung wegen Dachstuhlbrand in Wiesbaden"},"content":{"rendered":"<p><img loading=\"lazy\" decoding=\"async\" class=\"alignleft\" title=\"Einsatz-Logo\" src=\"http:\/\/www.feuerwehrkostheim.de\/wp-content\/bilder\/sonstige\/logo_einsatz.jpg\" alt=\"Einsatz-Logo\" width=\"100\" height=\"100\" \/><strong>13. April 2014 &#8211; 04:27 Uhr<\/strong><br \/>\n<strong>Feuerwache 2<\/strong><br \/>\nFF-Einheit &#8211; Alarmgruppe mit FF Kastel<br \/>\nEinsatz 16 &#8211; 2014<\/p>\n<p>Ein Dachstuhlbrand eines Einfamilienhauses in Wiesbaden, war Grund f\u00fcr die Alarmierung der Feuerwehren Kostheim und Kastel am fr\u00fchen Sonntagmorgen. Beide Wehren besetzten die Feuerwache 2 in Kastel, da das zugeh\u00f6rige Basis-LF sowie ein Wechselladerfahrzeug bei dem Feuer eingebunden waren. Es war in dieser Form die erste Wachbesetzung als Alarmgruppe mit beiden FF&#8217;s. Somit trafen kurz nach dem Alarm insgesamt vier L\u00f6schfahrzeuge auf der Wache in der St.-Florian-Strasse ein. Die anderthalbstunden bis zum Aufheben der Bereitschaft blieben einsatzlos.<\/p>\n<p>An dieser Stelle gilt ein Dankesch\u00f6n den Kameraden der Berufsfeuerwehr, die ihre freiwilligen Kollegen mit frisch aufgebackenen Br\u00f6tchen, Kaffee sowie Kaltgetr\u00e4nken versorgt haben.<\/p>\n<p>Die Kostheimer Kameraden waren mit 18 Einsatzkr\u00e4ften und beiden L\u00f6schfahrzeugen vor Ort.<\/p>\n<p>&nbsp;<\/p>\n<p>&nbsp;<\/p>\n<p>&nbsp;<\/p>\n<p>&nbsp;<\/p>\n<p>&nbsp;<\/p>\n<p>&nbsp;<\/p>\n","protected":false},"excerpt":{"rendered":"<p>13. April 2014 &#8211; 04:27 Uhr Feuerwache 2 FF-Einheit &#8211; Alarmgruppe mit FF Kastel Einsatz 16 &#8211; 2014 Ein Dachstuhlbrand eines Einfamilienhauses in Wiesbaden, war Grund f\u00fcr die Alarmierung der Feuerwehren Kostheim und Kastel am fr\u00fchen Sonntagmorgen. Beide Wehren besetzten die Feuerwache 2 in Kastel, da das zugeh\u00f6rige Basis-LF sowie ein Wechselladerfahrzeug bei dem Feuer [&hellip;]<\/p>\n","protected":false},"author":1,"featured_media":0,"comment_status":"closed","ping_status":"open","sticky":false,"template":"","format":"standard","meta":{"_et_pb_use_builder":"","_et_pb_old_content":"","_et_gb_content_width":"","_crdt_document":"","footnotes":""},"categories":[5],"tags":[110,243,709],"class_list":["post-1925","post","type-post","status-publish","format-standard","hentry","category-einsatze","tag-alarmgruppe","tag-wachbesetzung","tag-wache2"],"_links":{"self":[{"href":"https:\/\/www.feuerwehrkostheim.de\/index.php?rest_route=\/wp\/v2\/posts\/1925","targetHints":{"allow":["GET"]}}],"collection":[{"href":"https:\/\/www.feuerwehrkostheim.de\/index.php?rest_route=\/wp\/v2\/posts"}],"about":[{"href":"https:\/\/www.feuerwehrkostheim.de\/index.php?rest_route=\/wp\/v2\/types\/post"}],"author":[{"embeddable":true,"href":"https:\/\/www.feuerwehrkostheim.de\/index.php?rest_route=\/wp\/v2\/users\/1"}],"replies":[{"embeddable":true,"href":"https:\/\/www.feuerwehrkostheim.de\/index.php?rest_route=%2Fwp%2Fv2%2Fcomments&post=1925"}],"version-history":[{"count":0,"href":"https:\/\/www.feuerwehrkostheim.de\/index.php?rest_route=\/wp\/v2\/posts\/1925\/revisions"}],"wp:attachment":[{"href":"https:\/\/www.feuerwehrkostheim.de\/index.php?rest_route=%2Fwp%2Fv2%2Fmedia&parent=1925"}],"wp:term":[{"taxonomy":"category","embeddable":true,"href":"https:\/\/www.feuerwehrkostheim.de\/index.php?rest_route=%2Fwp%2Fv2%2Fcategories&post=1925"},{"taxonomy":"post_tag","embeddable":true,"href":"https:\/\/www.feuerwehrkostheim.de\/index.php?rest_route=%2Fwp%2Fv2%2Ftags&post=1925"}],"curies":[{"name":"wp","href":"https:\/\/api.w.org\/{rel}","templated":true}]}}