{"id":1912,"date":"2014-03-31T16:01:48","date_gmt":"2014-03-31T14:01:48","guid":{"rendered":"http:\/\/www.feuerwehrkostheim.de\/?p=1912"},"modified":"2018-06-02T14:05:58","modified_gmt":"2018-06-02T13:05:58","slug":"gewollter-abbrand-in-kostheimer-feldgemarkung","status":"publish","type":"post","link":"https:\/\/www.feuerwehrkostheim.de\/?p=1912","title":{"rendered":"Gewollter Abbrand in Kostheimer Feldgemarkung"},"content":{"rendered":"<p><img loading=\"lazy\" decoding=\"async\" class=\"alignleft\" title=\"Einsatz-Logo\" alt=\"Einsatz-Logo\" src=\"http:\/\/www.feuerwehrkostheim.de\/wp-content\/bilder\/sonstige\/logo_einsatz.jpg\" width=\"100\" height=\"100\" \/><strong>30. M\u00e4rz 2014 &#8211; 17:55 Uhr<\/strong><br \/>\n<strong>Verl\u00e4ngerung Steinern Stra\u00dfe \/ Feldgemarkung<\/strong><br \/>\nEinzelfahrzeugalarmierung<br \/>\nEinsatz 15 &#8211; 2014<\/p>\n<p>Noch w\u00e4hrend die Nachl\u00f6scharbeiten beim Wohnungsbrand in der Boelkestra\u00dfe am Laufen waren, wurde von der Leitstelle das Kasteler L\u00f6schfahrzeug zu einem Unratfeuer in der verl\u00e4ngerten Steinern Stra\u00dfe, hinter dem F\u00e4hncheskreuz abberufen. Auch auf den Grund hin, dass es ohne Atemschutzger\u00e4te die n\u00e4chste Einsatzstelle anfahren musste, wurde zus\u00e4tzlich das LF 10\/10 der Kostheimer Wehr alarmiert. Als die Kameraden vor Ort eintrafen, stellten Sie ein beaufsichtigtes Unratfeuer fest. Da aber nicht nur erlaubte Sachen verfeuert wurden, l\u00f6schte man das Feuer unter Vornahme eines Strahlrohres. Die Kollegen aus Kostheim konnten Ihre Einsatzfahrt abrechen und wieder einr\u00fccken. Zu weiteren Ermittlungen wurde zus\u00e4tzlich die Polizei angefordert.<\/p>\n","protected":false},"excerpt":{"rendered":"<p>30. M\u00e4rz 2014 &#8211; 17:55 Uhr Verl\u00e4ngerung Steinern Stra\u00dfe \/ Feldgemarkung Einzelfahrzeugalarmierung Einsatz 15 &#8211; 2014 Noch w\u00e4hrend die Nachl\u00f6scharbeiten beim Wohnungsbrand in der Boelkestra\u00dfe am Laufen waren, wurde von der Leitstelle das Kasteler L\u00f6schfahrzeug zu einem Unratfeuer in der verl\u00e4ngerten Steinern Stra\u00dfe, hinter dem F\u00e4hncheskreuz abberufen. Auch auf den Grund hin, dass es ohne [&hellip;]<\/p>\n","protected":false},"author":2,"featured_media":0,"comment_status":"closed","ping_status":"open","sticky":false,"template":"","format":"standard","meta":{"_et_pb_use_builder":"","_et_pb_old_content":"","_et_gb_content_width":"","_crdt_document":"","footnotes":""},"categories":[5],"tags":[30,31,231],"class_list":["post-1912","post","type-post","status-publish","format-standard","hentry","category-einsatze","tag-feld","tag-feuer","tag-unratfeuer"],"_links":{"self":[{"href":"https:\/\/www.feuerwehrkostheim.de\/index.php?rest_route=\/wp\/v2\/posts\/1912","targetHints":{"allow":["GET"]}}],"collection":[{"href":"https:\/\/www.feuerwehrkostheim.de\/index.php?rest_route=\/wp\/v2\/posts"}],"about":[{"href":"https:\/\/www.feuerwehrkostheim.de\/index.php?rest_route=\/wp\/v2\/types\/post"}],"author":[{"embeddable":true,"href":"https:\/\/www.feuerwehrkostheim.de\/index.php?rest_route=\/wp\/v2\/users\/2"}],"replies":[{"embeddable":true,"href":"https:\/\/www.feuerwehrkostheim.de\/index.php?rest_route=%2Fwp%2Fv2%2Fcomments&post=1912"}],"version-history":[{"count":0,"href":"https:\/\/www.feuerwehrkostheim.de\/index.php?rest_route=\/wp\/v2\/posts\/1912\/revisions"}],"wp:attachment":[{"href":"https:\/\/www.feuerwehrkostheim.de\/index.php?rest_route=%2Fwp%2Fv2%2Fmedia&parent=1912"}],"wp:term":[{"taxonomy":"category","embeddable":true,"href":"https:\/\/www.feuerwehrkostheim.de\/index.php?rest_route=%2Fwp%2Fv2%2Fcategories&post=1912"},{"taxonomy":"post_tag","embeddable":true,"href":"https:\/\/www.feuerwehrkostheim.de\/index.php?rest_route=%2Fwp%2Fv2%2Ftags&post=1912"}],"curies":[{"name":"wp","href":"https:\/\/api.w.org\/{rel}","templated":true}]}}