{"id":1826,"date":"2014-01-01T18:32:57","date_gmt":"2014-01-01T16:32:57","guid":{"rendered":"http:\/\/www.feuerwehrkostheim.de\/?p=1826"},"modified":"2018-06-02T14:06:13","modified_gmt":"2018-06-02T13:06:13","slug":"feuer-auf-dem-balkon-schnell-geloescht","status":"publish","type":"post","link":"https:\/\/www.feuerwehrkostheim.de\/?p=1826","title":{"rendered":"Feuer auf dem Balkon schnell gel\u00f6scht"},"content":{"rendered":"<p><img loading=\"lazy\" decoding=\"async\" class=\"alignleft\" title=\"Einsatz-Logo\" alt=\"Einsatz-Logo\" src=\"http:\/\/www.feuerwehrkostheim.de\/wp-content\/bilder\/sonstige\/logo_einsatz.jpg\" width=\"100\" height=\"100\" \/><strong>01. Januar 2014 &#8211; 00:35 Uhr<\/strong><br \/>\n<strong>Im Sampel<\/strong><br \/>\nFF-Einheit<br \/>\nEinsatz 02 &#8211; 2014<\/p>\n<p><a title=\"Balkonbrand Neujahrsnacht - 01.01.14 von FF-Kostheim bei Flickr\" href=\"http:\/\/www.flickr.com\/photos\/ffkostheim\/sets\/72157639268731133\/\"><img loading=\"lazy\" decoding=\"async\" class=\"alignright\" alt=\"Balkonbrand Neujahrsnacht - 01.01.14\" src=\"http:\/\/farm8.staticflickr.com\/7414\/11686291913_147e1de32f_m.jpg\" width=\"135\" height=\"240\" \/><\/a> Die Kameraden standen gerade noch vom ersten Einsatz 2014 zusammen, als man zum n\u00e4chsten Feuer alarmiert wurde. Beide L\u00f6schfahrzeuge r\u00fcckten in die Stra\u00dfe &#8220;Im Sampel&#8221; aus, wo ein Brand auf einem Balkon im zweiten Obergeschoss gemeldet wurde. Vor Ort angekommen, best\u00e4tigte sich die Meldung und man machte sich daran, eine Steckleiter in Stellung zu bringen. \u00dcber diese ist dann ein Trupp unter Atemschutz und einem Strahlrohr vorgegangen, um das Feuer zu l\u00f6schen. Es brannten auf dem Balkon abgestellte Utensilien, die vermutlich durch eine verirrte Feuerwerksrakete entz\u00fcndet wurden. Durch das schnelle Eingreifen konnte verhindert werden, dass sich das Feuer in die angrenzende Wohnung &#8211; dessen Mieter zum Zeitpunkt des Einsatzes nicht anwesend war &#8211; ausbreiten konnte. Nach knapp anderthalb Stunden konnte die Einsatzstelle verlassen sowie die Fahrzeuge auf der Wache 2 wieder mit frischem Material best\u00fcckt werden.<\/p>\n<p>Zu diesem Einsatz ebenfalls alarmiert, waren die Berufsfeuerwehr sowie die Freiwillige Feuerwehr aus Kastel.<\/p>\n","protected":false},"excerpt":{"rendered":"<p>01. Januar 2014 &#8211; 00:35 Uhr Im Sampel FF-Einheit Einsatz 02 &#8211; 2014 Die Kameraden standen gerade noch vom ersten Einsatz 2014 zusammen, als man zum n\u00e4chsten Feuer alarmiert wurde. Beide L\u00f6schfahrzeuge r\u00fcckten in die Stra\u00dfe &#8220;Im Sampel&#8221; aus, wo ein Brand auf einem Balkon im zweiten Obergeschoss gemeldet wurde. Vor Ort angekommen, best\u00e4tigte sich [&hellip;]<\/p>\n","protected":false},"author":1,"featured_media":0,"comment_status":"closed","ping_status":"open","sticky":false,"template":"","format":"standard","meta":{"_et_pb_use_builder":"","_et_pb_old_content":"","_et_gb_content_width":"","_crdt_document":"","footnotes":""},"categories":[5],"tags":[184,697,50,31],"class_list":["post-1826","post","type-post","status-publish","format-standard","hentry","category-einsatze","tag-balkon","tag-balkonbrand","tag-brand","tag-feuer"],"_links":{"self":[{"href":"https:\/\/www.feuerwehrkostheim.de\/index.php?rest_route=\/wp\/v2\/posts\/1826","targetHints":{"allow":["GET"]}}],"collection":[{"href":"https:\/\/www.feuerwehrkostheim.de\/index.php?rest_route=\/wp\/v2\/posts"}],"about":[{"href":"https:\/\/www.feuerwehrkostheim.de\/index.php?rest_route=\/wp\/v2\/types\/post"}],"author":[{"embeddable":true,"href":"https:\/\/www.feuerwehrkostheim.de\/index.php?rest_route=\/wp\/v2\/users\/1"}],"replies":[{"embeddable":true,"href":"https:\/\/www.feuerwehrkostheim.de\/index.php?rest_route=%2Fwp%2Fv2%2Fcomments&post=1826"}],"version-history":[{"count":0,"href":"https:\/\/www.feuerwehrkostheim.de\/index.php?rest_route=\/wp\/v2\/posts\/1826\/revisions"}],"wp:attachment":[{"href":"https:\/\/www.feuerwehrkostheim.de\/index.php?rest_route=%2Fwp%2Fv2%2Fmedia&parent=1826"}],"wp:term":[{"taxonomy":"category","embeddable":true,"href":"https:\/\/www.feuerwehrkostheim.de\/index.php?rest_route=%2Fwp%2Fv2%2Fcategories&post=1826"},{"taxonomy":"post_tag","embeddable":true,"href":"https:\/\/www.feuerwehrkostheim.de\/index.php?rest_route=%2Fwp%2Fv2%2Ftags&post=1826"}],"curies":[{"name":"wp","href":"https:\/\/api.w.org\/{rel}","templated":true}]}}