{"id":1790,"date":"2013-12-20T14:04:24","date_gmt":"2013-12-20T12:04:24","guid":{"rendered":"http:\/\/www.feuerwehrkostheim.de\/?p=1790"},"modified":"2018-06-02T14:06:14","modified_gmt":"2018-06-02T13:06:14","slug":"gartenhuette-komplett-ausgebrannt","status":"publish","type":"post","link":"https:\/\/www.feuerwehrkostheim.de\/?p=1790","title":{"rendered":"Gartenh\u00fctte komplett ausgebrannt"},"content":{"rendered":"<p><img loading=\"lazy\" decoding=\"async\" class=\"alignleft\" title=\"Einsatz-Logo\" alt=\"Einsatz-Logo\" src=\"http:\/\/www.feuerwehrkostheim.de\/wp-content\/bilder\/sonstige\/logo_einsatz.jpg\" width=\"100\" height=\"100\" \/><strong>20.\u00a0Dezember 2013 &#8211; 04:54 Uhr<\/strong><br \/>\n<strong>Steinern Stra\u00dfe 18<\/strong><br \/>\nFF-Einheit<br \/>\nEinsatz\u00a063 &#8211; 2013<\/p>\n<p><a title=\"Gartenhausbrand - 20.12.13 von FF-Kostheim bei Flickr\" href=\"http:\/\/www.flickr.com\/photos\/ffkostheim\/sets\/72157638855926045\" target=\"_blank\"><img loading=\"lazy\" decoding=\"async\" class=\"alignright\" alt=\"Gartenhausbrand - 20.12.13\" src=\"http:\/\/farm8.staticflickr.com\/7332\/11466744736_084f86f6c9_m.jpg\" width=\"240\" height=\"135\" \/><\/a> Am fr\u00fchen Freitagmorgen liefen mehrere Notrufe in der Zentralen Leitstelle in Wiesbaden ein, die ein Feuer in der Steinern Stra\u00dfe 18 meldeten. Da Anfangs nicht klar war, ob es in oder an dem Haus brennen w\u00fcrde, alarmierte man den L\u00f6schzug der Wache 2, die FF Kostheim sowie das Basis-LF der Wache 3. An der Einsatzstelle angekommen, wurde eine in Vollbrand stehende Gartenh\u00fctte vorgefunden. Unter Vornahme von je einem Strahlrohr, gingen zwei Trupps unter Atemschutz zur Brandbek\u00e4mpfung vor. Trotz des schnellen Eingreifens, k\u00f6nnte nicht verhindert werden, dass die etwa 8 mal 4 Meter gro\u00dfe H\u00fctte komplett ausbrannte. Zwei Propangasflaschen wurden aus dem Brandschutt geborgen und gek\u00fchlt.<\/p>\n<p><!--more-->Die abschlie\u00dfenden Nachl\u00f6scharbeiten wurden den Kostheimer Kameraden \u00fcbertragen. Etwa zwei Stunden nach Alarmierung waren auch die letzten Glutnester gel\u00f6scht und es konnten mit dem Abbau begonnen werden. Eine weitere Stunde sp\u00e4ter waren alle Fahrzeuge wieder best\u00fcckt und der Einsatz beendet.<\/p>\n<p>\u00dcber die Brandursache konnte zum Zeitpunkt der L\u00f6scharbeiten keine Aussage getroffen werden. Die Wiesbadener Kriminalpolizei hat die Ermittlungen aufgenommen.<\/p>\n","protected":false},"excerpt":{"rendered":"<p>20.\u00a0Dezember 2013 &#8211; 04:54 Uhr Steinern Stra\u00dfe 18 FF-Einheit Einsatz\u00a063 &#8211; 2013 Am fr\u00fchen Freitagmorgen liefen mehrere Notrufe in der Zentralen Leitstelle in Wiesbaden ein, die ein Feuer in der Steinern Stra\u00dfe 18 meldeten. Da Anfangs nicht klar war, ob es in oder an dem Haus brennen w\u00fcrde, alarmierte man den L\u00f6schzug der Wache 2, [&hellip;]<\/p>\n","protected":false},"author":1,"featured_media":0,"comment_status":"closed","ping_status":"open","sticky":false,"template":"","format":"standard","meta":{"_et_pb_use_builder":"","_et_pb_old_content":"","_et_gb_content_width":"","_crdt_document":"","footnotes":""},"categories":[5],"tags":[50,31,60],"class_list":["post-1790","post","type-post","status-publish","format-standard","hentry","category-einsatze","tag-brand","tag-feuer","tag-gartenhutte"],"_links":{"self":[{"href":"https:\/\/www.feuerwehrkostheim.de\/index.php?rest_route=\/wp\/v2\/posts\/1790","targetHints":{"allow":["GET"]}}],"collection":[{"href":"https:\/\/www.feuerwehrkostheim.de\/index.php?rest_route=\/wp\/v2\/posts"}],"about":[{"href":"https:\/\/www.feuerwehrkostheim.de\/index.php?rest_route=\/wp\/v2\/types\/post"}],"author":[{"embeddable":true,"href":"https:\/\/www.feuerwehrkostheim.de\/index.php?rest_route=\/wp\/v2\/users\/1"}],"replies":[{"embeddable":true,"href":"https:\/\/www.feuerwehrkostheim.de\/index.php?rest_route=%2Fwp%2Fv2%2Fcomments&post=1790"}],"version-history":[{"count":0,"href":"https:\/\/www.feuerwehrkostheim.de\/index.php?rest_route=\/wp\/v2\/posts\/1790\/revisions"}],"wp:attachment":[{"href":"https:\/\/www.feuerwehrkostheim.de\/index.php?rest_route=%2Fwp%2Fv2%2Fmedia&parent=1790"}],"wp:term":[{"taxonomy":"category","embeddable":true,"href":"https:\/\/www.feuerwehrkostheim.de\/index.php?rest_route=%2Fwp%2Fv2%2Fcategories&post=1790"},{"taxonomy":"post_tag","embeddable":true,"href":"https:\/\/www.feuerwehrkostheim.de\/index.php?rest_route=%2Fwp%2Fv2%2Ftags&post=1790"}],"curies":[{"name":"wp","href":"https:\/\/api.w.org\/{rel}","templated":true}]}}