{"id":1717,"date":"2013-10-26T09:06:39","date_gmt":"2013-10-26T07:06:39","guid":{"rendered":"http:\/\/www.feuerwehrkostheim.de\/?p=1717"},"modified":"2018-06-02T14:06:15","modified_gmt":"2018-06-02T13:06:15","slug":"berufsfeuerwehr-tag-der-jugendfeuerwehr-2013","status":"publish","type":"post","link":"https:\/\/www.feuerwehrkostheim.de\/?p=1717","title":{"rendered":"Berufsfeuerwehr-Tag der Jugendfeuerwehr 2013 &#8211; [Bericht und Bilder online!]"},"content":{"rendered":"<p><img loading=\"lazy\" decoding=\"async\" class=\"alignleft\" title=\"Logo Jugendfeuerwehr\" alt=\"Logo Jugendfeuerwehr\" src=\"http:\/\/www.feuerwehrkostheim.de\/ffk\/wp-content\/bilder\/jf\/jf_logo.jpg\" width=\"125\" height=\"155\" \/>Am letzten Oktober-Wochenende veranstaltete\u00a0 die Kostheimer Jugendfeuerwehr einen &#8220;24-h \u00dcbungsdienst&#8221; im Kostheimer Ortsgebiet. Gestartet wurde die \u00dcbung am Samstagmorgen um 07:30 Uhr und ging offiziell bis Sonntag 07:30 Uhr. Da in der Nacht auf Sonntag auch zus\u00e4tzlich die Uhr von Sommer- auf Winterzeit umgestellt werden musste, waren es in Wirklichkeit 25 Stunden. Mit dabei waren in diesem Jahr die Kameraden vom Jugendrotkreuz vom Ortsverband Bischofsheim.<\/p>\n<h2 style=\"text-align: center;\"><strong><a title=\"Bericht \u00fcber den BF-Tag 2013\" href=\"http:\/\/www.feuerwehrkostheim.de\/?page_id=1714\">Ausf\u00fchrlicher Bericht nun online !!<\/a><\/strong><\/h2>\n<p><a title=\"Berufsfeuerwehrtag 2013 - 26.\/27.10.13 von FF-Kostheim bei Flickr\" href=\"http:\/\/www.feuerwehrkostheim.de\/?page_id=1714\"><img loading=\"lazy\" decoding=\"async\" class=\"aligncenter\" alt=\"Berufsfeuerwehrtag 2013 - 26.\/27.10.13\" src=\"http:\/\/farm4.staticflickr.com\/3794\/10593691114_b87fb9a76f.jpg\" width=\"500\" height=\"232\" \/><\/a><\/p>\n<p><a title=\"Berufsfeuerwehrtag 2013 - 26.\/27.10.13 von FF-Kostheim bei Flickr\" href=\"http:\/\/www.flickr.com\/photos\/ffkostheim\/sets\/72157637158308656\" target=\"_blank\"><img loading=\"lazy\" decoding=\"async\" class=\"aligncenter\" alt=\"Berufsfeuerwehrtag 2013 - 26.\/27.10.13\" src=\"http:\/\/farm4.staticflickr.com\/3830\/10593309673_85063bc4ed_m.jpg\" width=\"240\" height=\"159\" \/><\/a><a title=\"Berufsfeuerwehrtag 2013 - 26.\/27.10.13 von FF-Kostheim bei Flickr\" href=\"http:\/\/www.flickr.com\/photos\/ffkostheim\/sets\/72157637158308656\" target=\"_blank\"><img loading=\"lazy\" decoding=\"async\" class=\"aligncenter\" alt=\"Berufsfeuerwehrtag 2013 - 26.\/27.10.13\" src=\"http:\/\/farm4.staticflickr.com\/3814\/10593679316_dfedf3b843_m.jpg\" width=\"240\" height=\"146\" \/><\/a><\/p>\n","protected":false},"excerpt":{"rendered":"<p>Am letzten Oktober-Wochenende veranstaltete\u00a0 die Kostheimer Jugendfeuerwehr einen &#8220;24-h \u00dcbungsdienst&#8221; im Kostheimer Ortsgebiet. Gestartet wurde die \u00dcbung am Samstagmorgen um 07:30 Uhr und ging offiziell bis Sonntag 07:30 Uhr. Da in der Nacht auf Sonntag auch zus\u00e4tzlich die Uhr von Sommer- auf Winterzeit umgestellt werden musste, waren es in Wirklichkeit 25 Stunden. Mit dabei waren [&hellip;]<\/p>\n","protected":false},"author":1,"featured_media":0,"comment_status":"closed","ping_status":"open","sticky":false,"template":"","format":"standard","meta":{"_et_pb_use_builder":"","_et_pb_old_content":"","_et_gb_content_width":"","_crdt_document":"","footnotes":""},"categories":[7],"tags":[680,684,683,105],"class_list":["post-1717","post","type-post","status-publish","format-standard","hentry","category-jugendfeuerwehr","tag-bf-tag","tag-drk","tag-live-ticker","tag-ubung"],"_links":{"self":[{"href":"https:\/\/www.feuerwehrkostheim.de\/index.php?rest_route=\/wp\/v2\/posts\/1717","targetHints":{"allow":["GET"]}}],"collection":[{"href":"https:\/\/www.feuerwehrkostheim.de\/index.php?rest_route=\/wp\/v2\/posts"}],"about":[{"href":"https:\/\/www.feuerwehrkostheim.de\/index.php?rest_route=\/wp\/v2\/types\/post"}],"author":[{"embeddable":true,"href":"https:\/\/www.feuerwehrkostheim.de\/index.php?rest_route=\/wp\/v2\/users\/1"}],"replies":[{"embeddable":true,"href":"https:\/\/www.feuerwehrkostheim.de\/index.php?rest_route=%2Fwp%2Fv2%2Fcomments&post=1717"}],"version-history":[{"count":0,"href":"https:\/\/www.feuerwehrkostheim.de\/index.php?rest_route=\/wp\/v2\/posts\/1717\/revisions"}],"wp:attachment":[{"href":"https:\/\/www.feuerwehrkostheim.de\/index.php?rest_route=%2Fwp%2Fv2%2Fmedia&parent=1717"}],"wp:term":[{"taxonomy":"category","embeddable":true,"href":"https:\/\/www.feuerwehrkostheim.de\/index.php?rest_route=%2Fwp%2Fv2%2Fcategories&post=1717"},{"taxonomy":"post_tag","embeddable":true,"href":"https:\/\/www.feuerwehrkostheim.de\/index.php?rest_route=%2Fwp%2Fv2%2Ftags&post=1717"}],"curies":[{"name":"wp","href":"https:\/\/api.w.org\/{rel}","templated":true}]}}