{"id":1691,"date":"2013-09-30T16:53:44","date_gmt":"2013-09-30T15:53:44","guid":{"rendered":"http:\/\/www.feuerwehrkostheim.de\/?p=1691"},"modified":"2018-06-02T14:06:15","modified_gmt":"2018-06-02T13:06:15","slug":"feuer-am-kasteler-ludwigsplatz-sperrmuellbrand-greift-auf-wohnung-ueber-2-verletzte","status":"publish","type":"post","link":"https:\/\/www.feuerwehrkostheim.de\/?p=1691","title":{"rendered":"Feuer am Kasteler Ludwigsplatz &#8211; Sperrm\u00fcllbrand greift auf Wohnung \u00fcber, 2 Verletzte"},"content":{"rendered":"<p><img loading=\"lazy\" decoding=\"async\" class=\"alignleft\" title=\"Einsatz-Logo\" alt=\"Einsatz-Logo\" src=\"http:\/\/www.feuerwehrkostheim.de\/wp-content\/bilder\/sonstige\/logo_einsatz.jpg\" width=\"100\" height=\"100\" \/><strong>30. September 2013 &#8211; 02:44 Uhr<\/strong><br \/>\n<strong>Kastel \/ Ludwigsplatz 18 und Bereich Hochkreisel<\/strong><br \/>\nFF-Einheit<br \/>\nEinsatz 52 + 53 &#8211; 2013<\/p>\n<p><a title=\"Feuer Ludwigsplatz Kastel - 30.09.13 von FF-Kostheim bei Flickr\" href=\"http:\/\/www.flickr.com\/photos\/ffkostheim\/sets\/72157636052714803\/\" target=\"_blank\"><img loading=\"lazy\" decoding=\"async\" class=\"alignright\" alt=\"Feuer Ludwigsplatz Kastel - 30.09.13\" src=\"http:\/\/farm3.staticflickr.com\/2828\/10021439096_07631f5f7e_m.jpg\" width=\"180\" height=\"240\" \/><\/a> In der Nacht auf Montag kam es zu einem folgeschweren Brand eines Sperrm\u00fcllhaufens an einem Mehrfamilienhaus im Bereich des Kasteler Ludwigskreisels. Da Anf\u00e4nglich durch eine Anzahl unpr\u00e4ziserer Notrufe von gleich mehreren Einsatzstellen ausgegangen werden musste, wurden kurz nach Alarmierung des L\u00f6schzuges der Wache 2 sowie der FF Kastel auch die FF Kostheim alarmiert.<\/p>\n<p>Als sich die Kostheimer einsatzbereit auf Funk meldeten, wurden Sie direkt zum Ludwigsplatz 18 beordert, wo es sich um ein Feuer im Geb\u00e4ude handeln solle. W\u00e4hrend der Anfahrt nach Kastel, trafen die ersten Einsatzkr\u00e4fte vor Ort ein. Festgestellt wurde ein brennender Sperrm\u00fcllhaufen, der ungl\u00fccklicher Weise direkt unter dem Fenster einer Erdgescho\u00dfwohnung lag. Durch die enorme Hitzeentwicklung waren die Fensterscheiben schon geborsten und die Flammen schlugen auf das Zimmer im Parterre \u00fcber. Unverz\u00fcglich wurden zwei Strahlrohre unter Atemschutz vorgenommen &#8211;\u00a0 eins davon im Au\u00dfenangriff, dass andere f\u00fcr den \u00fcber das Treppenhaus vorgetragenem Innenangriff.<\/p>\n<p><!--more-->Von der Kostheimer Wehr r\u00fcstete sich ein Trupp mit Atemschutz aus und kontrollierte die ebenfalls auf der Brandseite gelegene Wohnung im ersten Obergeschoss. Das Feuer war so schnell unter Kontrolle, dass hier lediglich eine Scheibe der doppelverglasten Fenster nachgab. Bis auf eine Verrauchung der Zimmer war hier kein weiterer Schaden entstanden.<\/p>\n<p>Nachdem das Feuer gel\u00f6scht und das Brandgut aus der Erdgescho\u00df entfernt wurde, konnten die betroffenen R\u00e4ume und das Treppenhaus gezielt bel\u00fcftet werden.<br \/>\nNeben des Mieters der Erdgescho\u00dfwohung, der mit Verdacht auf Rauchvergiftung vorsorglich ins Krankenhaus eingeliefert wurde, musste sich auch ein Feuerwehrmann in \u00e4rztliche Behandlung begeben.<\/p>\n<p>Der Einsatz konnte nach etwa eineinhalb Stunden beendet werden. Den Sachschaden sch\u00e4tzt die Polizei auf etwa 25000 \u20ac. Wer Hinweise \u00fcber Beobachtungen geben kann, wird gebeten sich mit der Kriminalpolizei, die die Ermittlungen aufgenommen hat, unter 0611 &#8211; 345-0 in Verbindung zu setzen.<\/p>\n<p><strong>Getrennter Einsatz f\u00fcr das LF16-TS<\/strong><br \/>\nW\u00e4hrend der L\u00f6scharbeiten am Ludwigsplatz, fuhr mit Sondersignal das zweite L\u00f6schfahrzeug der FF Kostheim zusammen mit dem Basis-LF der Wache 1 den Bereich des Hochkreisels an. Dort wurde anf\u00e4nglich noch ein weiteres Feuer vermutet. Die \u00dcberpr\u00fcfung des angegebenen Bereiches verlief aber negativ &#8211; dieser Einsatz war nach 20 Minuten beendet.<\/p>\n","protected":false},"excerpt":{"rendered":"<p>30. September 2013 &#8211; 02:44 Uhr Kastel \/ Ludwigsplatz 18 und Bereich Hochkreisel FF-Einheit Einsatz 52 + 53 &#8211; 2013 In der Nacht auf Montag kam es zu einem folgeschweren Brand eines Sperrm\u00fcllhaufens an einem Mehrfamilienhaus im Bereich des Kasteler Ludwigskreisels. Da Anf\u00e4nglich durch eine Anzahl unpr\u00e4ziserer Notrufe von gleich mehreren Einsatzstellen ausgegangen werden musste, [&hellip;]<\/p>\n","protected":false},"author":1,"featured_media":0,"comment_status":"closed","ping_status":"open","sticky":false,"template":"","format":"standard","meta":{"_et_pb_use_builder":"","_et_pb_old_content":"","_et_gb_content_width":"","_crdt_document":"","footnotes":""},"categories":[5],"tags":[50,31,222,91,198,381],"class_list":["post-1691","post","type-post","status-publish","format-standard","hentry","category-einsatze","tag-brand","tag-feuer","tag-kastel","tag-sperrmull","tag-verletzte","tag-zimmerbrand"],"_links":{"self":[{"href":"https:\/\/www.feuerwehrkostheim.de\/index.php?rest_route=\/wp\/v2\/posts\/1691","targetHints":{"allow":["GET"]}}],"collection":[{"href":"https:\/\/www.feuerwehrkostheim.de\/index.php?rest_route=\/wp\/v2\/posts"}],"about":[{"href":"https:\/\/www.feuerwehrkostheim.de\/index.php?rest_route=\/wp\/v2\/types\/post"}],"author":[{"embeddable":true,"href":"https:\/\/www.feuerwehrkostheim.de\/index.php?rest_route=\/wp\/v2\/users\/1"}],"replies":[{"embeddable":true,"href":"https:\/\/www.feuerwehrkostheim.de\/index.php?rest_route=%2Fwp%2Fv2%2Fcomments&post=1691"}],"version-history":[{"count":0,"href":"https:\/\/www.feuerwehrkostheim.de\/index.php?rest_route=\/wp\/v2\/posts\/1691\/revisions"}],"wp:attachment":[{"href":"https:\/\/www.feuerwehrkostheim.de\/index.php?rest_route=%2Fwp%2Fv2%2Fmedia&parent=1691"}],"wp:term":[{"taxonomy":"category","embeddable":true,"href":"https:\/\/www.feuerwehrkostheim.de\/index.php?rest_route=%2Fwp%2Fv2%2Fcategories&post=1691"},{"taxonomy":"post_tag","embeddable":true,"href":"https:\/\/www.feuerwehrkostheim.de\/index.php?rest_route=%2Fwp%2Fv2%2Ftags&post=1691"}],"curies":[{"name":"wp","href":"https:\/\/api.w.org\/{rel}","templated":true}]}}