{"id":1689,"date":"2013-09-21T23:57:00","date_gmt":"2013-09-21T22:57:00","guid":{"rendered":"http:\/\/www.feuerwehrkostheim.de\/?p=1689"},"modified":"2018-06-02T14:06:15","modified_gmt":"2018-06-02T13:06:15","slug":"brandverdacht-im-alten-ortskern","status":"publish","type":"post","link":"https:\/\/www.feuerwehrkostheim.de\/?p=1689","title":{"rendered":"Brandverdacht im alten Ortskern"},"content":{"rendered":"<p><img loading=\"lazy\" decoding=\"async\" class=\"alignleft\" title=\"Einsatz-Logo\" alt=\"Einsatz-Logo\" src=\"http:\/\/www.feuerwehrkostheim.de\/wp-content\/bilder\/sonstige\/logo_einsatz.jpg\" width=\"100\" height=\"100\" \/><strong>21. September 2013 &#8211; 22:45 Uhr<\/strong><br \/>\n<strong>Kleine Berberichstra\u00dfe<\/strong><br \/>\nFF-Einheit<br \/>\nEinsatz 51 &#8211; 2013<\/p>\n<p>Zu einem Brandgeruch wurde die Feuerwehr Kostheim sowie der L\u00f6schzug der Wache 2 am Samstagabend in den alten Ortskern alarmiert. Im Bereich der kleinen Berberichstra\u00dfe solle Brandgeruch wahrnehmbar sein. Als die Einsatzkr\u00e4fte vor Ort eintrafen, konnte auf den ersten Blick nichts festgestellt werden. Auch die \u00dcberpr\u00fcfung von oben mittels der in Stellung gebrachten Drehleiter verlief ergebnislos. Scheinbar handelte es sich um Rauchniederschlag eines Kaminofens. Der Einsatz war nach 20 Minuten beendet.<\/p>\n","protected":false},"excerpt":{"rendered":"<p>21. September 2013 &#8211; 22:45 Uhr Kleine Berberichstra\u00dfe FF-Einheit Einsatz 51 &#8211; 2013 Zu einem Brandgeruch wurde die Feuerwehr Kostheim sowie der L\u00f6schzug der Wache 2 am Samstagabend in den alten Ortskern alarmiert. Im Bereich der kleinen Berberichstra\u00dfe solle Brandgeruch wahrnehmbar sein. Als die Einsatzkr\u00e4fte vor Ort eintrafen, konnte auf den ersten Blick nichts festgestellt [&hellip;]<\/p>\n","protected":false},"author":1,"featured_media":0,"comment_status":"closed","ping_status":"open","sticky":false,"template":"","format":"standard","meta":{"_et_pb_use_builder":"","_et_pb_old_content":"","_et_gb_content_width":"","_crdt_document":"","footnotes":""},"categories":[5],"tags":[178,112,113,216],"class_list":["post-1689","post","type-post","status-publish","format-standard","hentry","category-einsatze","tag-brandgeruch","tag-brandverdacht","tag-fehlalarm","tag-kamin"],"_links":{"self":[{"href":"https:\/\/www.feuerwehrkostheim.de\/index.php?rest_route=\/wp\/v2\/posts\/1689","targetHints":{"allow":["GET"]}}],"collection":[{"href":"https:\/\/www.feuerwehrkostheim.de\/index.php?rest_route=\/wp\/v2\/posts"}],"about":[{"href":"https:\/\/www.feuerwehrkostheim.de\/index.php?rest_route=\/wp\/v2\/types\/post"}],"author":[{"embeddable":true,"href":"https:\/\/www.feuerwehrkostheim.de\/index.php?rest_route=\/wp\/v2\/users\/1"}],"replies":[{"embeddable":true,"href":"https:\/\/www.feuerwehrkostheim.de\/index.php?rest_route=%2Fwp%2Fv2%2Fcomments&post=1689"}],"version-history":[{"count":0,"href":"https:\/\/www.feuerwehrkostheim.de\/index.php?rest_route=\/wp\/v2\/posts\/1689\/revisions"}],"wp:attachment":[{"href":"https:\/\/www.feuerwehrkostheim.de\/index.php?rest_route=%2Fwp%2Fv2%2Fmedia&parent=1689"}],"wp:term":[{"taxonomy":"category","embeddable":true,"href":"https:\/\/www.feuerwehrkostheim.de\/index.php?rest_route=%2Fwp%2Fv2%2Fcategories&post=1689"},{"taxonomy":"post_tag","embeddable":true,"href":"https:\/\/www.feuerwehrkostheim.de\/index.php?rest_route=%2Fwp%2Fv2%2Ftags&post=1689"}],"curies":[{"name":"wp","href":"https:\/\/api.w.org\/{rel}","templated":true}]}}