{"id":1671,"date":"2013-08-15T22:55:31","date_gmt":"2013-08-15T21:55:31","guid":{"rendered":"http:\/\/www.feuerwehrkostheim.de\/?p=1671"},"modified":"2018-06-02T14:06:16","modified_gmt":"2018-06-02T13:06:16","slug":"brennender-abfallkuebel-brandstiftung","status":"publish","type":"post","link":"https:\/\/www.feuerwehrkostheim.de\/?p=1671","title":{"rendered":"Brennender Abfallk\u00fcbel &#8211; Brandstiftung"},"content":{"rendered":"<p><img loading=\"lazy\" decoding=\"async\" class=\"alignleft\" title=\"Einsatz-Logo\" alt=\"Einsatz-Logo\" src=\"http:\/\/www.feuerwehrkostheim.de\/wp-content\/bilder\/sonstige\/logo_einsatz.jpg\" width=\"100\" height=\"100\" \/><strong>15. August 2013 &#8211; 20:22 Uhr<\/strong><br \/>\n<strong>Salzburger Stra\u00dfe 34<\/strong><br \/>\nEinzelfahrzeugalarmierung<br \/>\nEinsatz 46 &#8211; 2013<\/p>\n<p>Am Donnerstagabend wurden die L\u00f6schfahrzeuge der Berufs- und Freiwilligen Feuerwehr zu einem\u00a0 brennenden M\u00fcllcontainer in die Kostheimer Siedlung alarmiert. An der Einsatzstelle angekommen wurde ein Strahlrohr vorgenommen um den brennenden Inhalt eines K\u00fcbels zu l\u00f6schen. Gr\u00f6\u00dferer Schaden ist nicht entstanden, doch aufmerksame Nachbarn konnten der Polizei einen minderj\u00e4hrigen zeigen, der f\u00fcr den Brand verantwortlich gewesen sein soll.<\/p>\n","protected":false},"excerpt":{"rendered":"<p>15. August 2013 &#8211; 20:22 Uhr Salzburger Stra\u00dfe 34 Einzelfahrzeugalarmierung Einsatz 46 &#8211; 2013 Am Donnerstagabend wurden die L\u00f6schfahrzeuge der Berufs- und Freiwilligen Feuerwehr zu einem\u00a0 brennenden M\u00fcllcontainer in die Kostheimer Siedlung alarmiert. An der Einsatzstelle angekommen wurde ein Strahlrohr vorgenommen um den brennenden Inhalt eines K\u00fcbels zu l\u00f6schen. Gr\u00f6\u00dferer Schaden ist nicht entstanden, doch [&hellip;]<\/p>\n","protected":false},"author":1,"featured_media":0,"comment_status":"closed","ping_status":"open","sticky":false,"template":"","format":"standard","meta":{"_et_pb_use_builder":"","_et_pb_old_content":"","_et_gb_content_width":"","_crdt_document":"","footnotes":""},"categories":[5],"tags":[670,31,669,335],"class_list":["post-1671","post","type-post","status-publish","format-standard","hentry","category-einsatze","tag-abfallkuebel","tag-feuer","tag-kuebel","tag-siedlung"],"_links":{"self":[{"href":"https:\/\/www.feuerwehrkostheim.de\/index.php?rest_route=\/wp\/v2\/posts\/1671","targetHints":{"allow":["GET"]}}],"collection":[{"href":"https:\/\/www.feuerwehrkostheim.de\/index.php?rest_route=\/wp\/v2\/posts"}],"about":[{"href":"https:\/\/www.feuerwehrkostheim.de\/index.php?rest_route=\/wp\/v2\/types\/post"}],"author":[{"embeddable":true,"href":"https:\/\/www.feuerwehrkostheim.de\/index.php?rest_route=\/wp\/v2\/users\/1"}],"replies":[{"embeddable":true,"href":"https:\/\/www.feuerwehrkostheim.de\/index.php?rest_route=%2Fwp%2Fv2%2Fcomments&post=1671"}],"version-history":[{"count":0,"href":"https:\/\/www.feuerwehrkostheim.de\/index.php?rest_route=\/wp\/v2\/posts\/1671\/revisions"}],"wp:attachment":[{"href":"https:\/\/www.feuerwehrkostheim.de\/index.php?rest_route=%2Fwp%2Fv2%2Fmedia&parent=1671"}],"wp:term":[{"taxonomy":"category","embeddable":true,"href":"https:\/\/www.feuerwehrkostheim.de\/index.php?rest_route=%2Fwp%2Fv2%2Fcategories&post=1671"},{"taxonomy":"post_tag","embeddable":true,"href":"https:\/\/www.feuerwehrkostheim.de\/index.php?rest_route=%2Fwp%2Fv2%2Ftags&post=1671"}],"curies":[{"name":"wp","href":"https:\/\/api.w.org\/{rel}","templated":true}]}}