{"id":1625,"date":"2001-11-10T20:13:49","date_gmt":"2001-11-10T19:13:49","guid":{"rendered":"http:\/\/www.feuerwehrkostheim.de\/?p=1625"},"modified":"2018-06-02T14:09:50","modified_gmt":"2018-06-02T13:09:50","slug":"archiv-update-mit-unterstutzung-des-ortsbeirates-wetterschutzjacken-fur-die-jugendfeuerwehr","status":"publish","type":"post","link":"https:\/\/www.feuerwehrkostheim.de\/?p=1625","title":{"rendered":"[Archiv-Update]: Mit Unterst\u00fctzung des Ortsbeirates: Wetterschutzjacken f\u00fcr die Jugendfeuerwehr"},"content":{"rendered":"<p><img loading=\"lazy\" decoding=\"async\" class=\"alignleft\" alt=\"\" src=\"http:\/\/www.feuerwehrkostheim.de\/wp-content\/bilder\/jf\/2001\/jf_jacken.jpg\" width=\"373\" height=\"223\" \/>Mit finanzieller Unterst\u00fctzung des Ortsbeirats Kostheim beschaffte die Freiwillige Feuerwehr f\u00fcr ihre Jugendabteilung 24 Wetterschutzjacken im Gesamtwert von 4500 DM, um den Jugendlichen einen entsprechenden Wetterschutz f\u00fcr die nasskalte Jahreszeit zu bieten. Ortsvorsteher Klaus Lenz \u00fcbergab die neue Kleidung zusammen mit der Wehrf\u00fchrung den Jugendlichen. Bereits Mitte des Jahres beschaffte die Wehr ebenfalls mit finanzieller Unterst\u00fctzung des Ortsbeirats ein Mannschaftstransportfahrzeug im Gesamtwert von 34.000 DM. Wehrf\u00fchrer Bernd Jungbluth bedankte sich bei Lenz f\u00fcr die Unterst\u00fctzung der Jugendarbeit, die der Verein nicht aus eigenen Mitteln allein hatte finanzieren k\u00f6nnen. Nun stehe die Nachwuchsf\u00f6rderung der Wehr aus stabilen S\u00e4ulen, so Jungbluth abschlie\u00dfend.<\/p>\n<p><em>[Artikel aus dem Bestand der alten Homepage!]<\/em><\/p>\n","protected":false},"excerpt":{"rendered":"<p>Mit finanzieller Unterst\u00fctzung des Ortsbeirats Kostheim beschaffte die Freiwillige Feuerwehr f\u00fcr ihre Jugendabteilung 24 Wetterschutzjacken im Gesamtwert von 4500 DM, um den Jugendlichen einen entsprechenden Wetterschutz f\u00fcr die nasskalte Jahreszeit zu bieten. Ortsvorsteher Klaus Lenz \u00fcbergab die neue Kleidung zusammen mit der Wehrf\u00fchrung den Jugendlichen. Bereits Mitte des Jahres beschaffte die Wehr ebenfalls mit finanzieller [&hellip;]<\/p>\n","protected":false},"author":1,"featured_media":0,"comment_status":"closed","ping_status":"open","sticky":false,"template":"","format":"standard","meta":{"_et_pb_use_builder":"","_et_pb_old_content":"","_et_gb_content_width":"","_crdt_document":"","footnotes":""},"categories":[7],"tags":[659,441,658],"class_list":["post-1625","post","type-post","status-publish","format-standard","hentry","category-jugendfeuerwehr","tag-ortsbeirat","tag-unterstutzung","tag-wetterjacken"],"_links":{"self":[{"href":"https:\/\/www.feuerwehrkostheim.de\/index.php?rest_route=\/wp\/v2\/posts\/1625","targetHints":{"allow":["GET"]}}],"collection":[{"href":"https:\/\/www.feuerwehrkostheim.de\/index.php?rest_route=\/wp\/v2\/posts"}],"about":[{"href":"https:\/\/www.feuerwehrkostheim.de\/index.php?rest_route=\/wp\/v2\/types\/post"}],"author":[{"embeddable":true,"href":"https:\/\/www.feuerwehrkostheim.de\/index.php?rest_route=\/wp\/v2\/users\/1"}],"replies":[{"embeddable":true,"href":"https:\/\/www.feuerwehrkostheim.de\/index.php?rest_route=%2Fwp%2Fv2%2Fcomments&post=1625"}],"version-history":[{"count":0,"href":"https:\/\/www.feuerwehrkostheim.de\/index.php?rest_route=\/wp\/v2\/posts\/1625\/revisions"}],"wp:attachment":[{"href":"https:\/\/www.feuerwehrkostheim.de\/index.php?rest_route=%2Fwp%2Fv2%2Fmedia&parent=1625"}],"wp:term":[{"taxonomy":"category","embeddable":true,"href":"https:\/\/www.feuerwehrkostheim.de\/index.php?rest_route=%2Fwp%2Fv2%2Fcategories&post=1625"},{"taxonomy":"post_tag","embeddable":true,"href":"https:\/\/www.feuerwehrkostheim.de\/index.php?rest_route=%2Fwp%2Fv2%2Ftags&post=1625"}],"curies":[{"name":"wp","href":"https:\/\/api.w.org\/{rel}","templated":true}]}}