{"id":1611,"date":"2000-11-25T23:53:08","date_gmt":"2000-11-25T22:53:08","guid":{"rendered":"http:\/\/www.feuerwehrkostheim.de\/?p=1611"},"modified":"2018-06-02T14:09:50","modified_gmt":"2018-06-02T13:09:50","slug":"archiv-update-jahresabschlussfeier-november-2000","status":"publish","type":"post","link":"https:\/\/www.feuerwehrkostheim.de\/?p=1611","title":{"rendered":"[Archiv-Update]: Jahresabschlussfeier November 2000"},"content":{"rendered":"<div style=\"width: 285px\" class=\"wp-caption alignleft\"><img loading=\"lazy\" decoding=\"async\" alt=\"\" src=\"http:\/\/www.feuerwehrkostheim.de\/wp-content\/bilder\/berichte\/2000\/jaf2.jpg\" width=\"275\" height=\"208\" \/><p class=\"wp-caption-text\">v.l.n.r.: Sebastian Nett, Bernd Eckert, Torsten Krimmel, J\u00fcrgen Balz, Tobias Laux, Bianca Stark, Albert Keller, Branddirektor Harald Hagen<\/p><\/div>\n<p>(25.11.2000) Lachende Gesichter gab es bei der Feuerwehr in Kostheim zu sehen. Nachdem Wehrf\u00fchrer Rainer M\u00e4mpel offiziell die Anwesenden zur Jahresabschlu\u00dffeier begr\u00fc\u00dft hatte, wurden aktive Mitglieder vom leitenden Branddirektor Harald Hagen aufgrund geleisteter Lehrg\u00e4nge und Dienstjahre bef\u00f6rdert.<\/p>\n<p>Bernd Eckert ,Sebastian Nett und Tobias Laux wurden zum Feuerwehrmann bef\u00f6rdert.<\/p>\n<p>Bianca Stark erhielt die Ernennung zur Oberfeuerwehrfrau, Torsten Krimmel die Ernennung zum Oberfeuerwehrmann.<\/p>\n<p>Zum Hauptfeuerwehrmann bef\u00f6rderte der Feuerwehrchef Albert Keller, J\u00fcrgen Balz und Manfred Stein.<\/p>\n<p><!--more--> <img loading=\"lazy\" decoding=\"async\" class=\"alignleft\" alt=\"\" src=\"http:\/\/www.feuerwehrkostheim.de\/wp-content\/bilder\/berichte\/2000\/jaf3.jpg\" width=\"178\" height=\"235\" \/>Im Anschlu\u00df bedankte Jugendwart Thomas Stein bei allen Helfern f\u00fcr die tatkr\u00e4ftige Unterst\u00fctzung beim Ausbau des Dachgescho\u00df f\u00fcr die Jugendabteilung. F\u00fcr Ihre besonderes Engagement wurde Heinz Stein und Herbert Werum mit einem Geschenk \u00fcberrascht. Zum Abschlu\u00df des offiziellen Teils der Feier wurde der neue Jugendraum seiner Nutzung \u00fcbergeben.<\/p>\n<p><img loading=\"lazy\" decoding=\"async\" class=\"alignright\" alt=\"\" src=\"http:\/\/www.feuerwehrkostheim.de\/wp-content\/bilder\/berichte\/2000\/jaf1.jpg\" width=\"266\" height=\"204\" \/>Mit einem warmen Buffet, das die Aktiven selbst zubereitet hatten und guter Laune fand die Veranstaltung am fr\u00fchen Morgen erst ihr Ende.<\/p>\n<p><em>[Artikel aus dem Bestand der alten Homepage!]<\/em><\/p>\n","protected":false},"excerpt":{"rendered":"<p>(25.11.2000) Lachende Gesichter gab es bei der Feuerwehr in Kostheim zu sehen. Nachdem Wehrf\u00fchrer Rainer M\u00e4mpel offiziell die Anwesenden zur Jahresabschlu\u00dffeier begr\u00fc\u00dft hatte, wurden aktive Mitglieder vom leitenden Branddirektor Harald Hagen aufgrund geleisteter Lehrg\u00e4nge und Dienstjahre bef\u00f6rdert. Bernd Eckert ,Sebastian Nett und Tobias Laux wurden zum Feuerwehrmann bef\u00f6rdert. Bianca Stark erhielt die Ernennung zur Oberfeuerwehrfrau, [&hellip;]<\/p>\n","protected":false},"author":1,"featured_media":0,"comment_status":"closed","ping_status":"open","sticky":false,"template":"","format":"standard","meta":{"_et_pb_use_builder":"","_et_pb_old_content":"","_et_gb_content_width":"","_crdt_document":"","footnotes":""},"categories":[4,9,10],"tags":[172,166,162],"class_list":["post-1611","post","type-post","status-publish","format-standard","hentry","category-einsatzabteilung","category-veranstaltungen","category-verein","tag-beforderungen","tag-jahresabschlussfeier","tag-jubilarenfeier"],"_links":{"self":[{"href":"https:\/\/www.feuerwehrkostheim.de\/index.php?rest_route=\/wp\/v2\/posts\/1611","targetHints":{"allow":["GET"]}}],"collection":[{"href":"https:\/\/www.feuerwehrkostheim.de\/index.php?rest_route=\/wp\/v2\/posts"}],"about":[{"href":"https:\/\/www.feuerwehrkostheim.de\/index.php?rest_route=\/wp\/v2\/types\/post"}],"author":[{"embeddable":true,"href":"https:\/\/www.feuerwehrkostheim.de\/index.php?rest_route=\/wp\/v2\/users\/1"}],"replies":[{"embeddable":true,"href":"https:\/\/www.feuerwehrkostheim.de\/index.php?rest_route=%2Fwp%2Fv2%2Fcomments&post=1611"}],"version-history":[{"count":0,"href":"https:\/\/www.feuerwehrkostheim.de\/index.php?rest_route=\/wp\/v2\/posts\/1611\/revisions"}],"wp:attachment":[{"href":"https:\/\/www.feuerwehrkostheim.de\/index.php?rest_route=%2Fwp%2Fv2%2Fmedia&parent=1611"}],"wp:term":[{"taxonomy":"category","embeddable":true,"href":"https:\/\/www.feuerwehrkostheim.de\/index.php?rest_route=%2Fwp%2Fv2%2Fcategories&post=1611"},{"taxonomy":"post_tag","embeddable":true,"href":"https:\/\/www.feuerwehrkostheim.de\/index.php?rest_route=%2Fwp%2Fv2%2Ftags&post=1611"}],"curies":[{"name":"wp","href":"https:\/\/api.w.org\/{rel}","templated":true}]}}