{"id":1582,"date":"2013-06-11T15:36:19","date_gmt":"2013-06-11T14:36:19","guid":{"rendered":"http:\/\/www.feuerwehrkostheim.de\/?p=1582"},"modified":"2018-06-02T14:06:17","modified_gmt":"2018-06-02T13:06:17","slug":"matratze-brennt-auf-dem-balkon","status":"publish","type":"post","link":"https:\/\/www.feuerwehrkostheim.de\/?p=1582","title":{"rendered":"Matratze brennt auf dem Balkon im 5. Obergeschoss"},"content":{"rendered":"<p><img loading=\"lazy\" decoding=\"async\" class=\"alignleft\" title=\"Einsatz-Logo\" alt=\"Einsatz-Logo\" src=\"http:\/\/www.feuerwehrkostheim.de\/wp-content\/bilder\/sonstige\/logo_einsatz.jpg\" width=\"100\" height=\"100\" \/><strong>11. Juni 2013 &#8211; 01:18 Uhr<\/strong><br \/>\n<strong>Im Sampel 1<\/strong><br \/>\nFF-Einheit<br \/>\nEinsatz 35 &#8211; 2013<\/p>\n<p>In der Nacht von Montag auf Dienstag wurde die Kostheimer Feuerwehr in die Stra\u00dfe &#8220;Im Sampel&#8221; alarmiert. Im dortigen Hochhaus stellten Bewohner Brandgeruch fest und verst\u00e4ndigten die Feuerwehr. Auch der L\u00f6schzug der Wache 2 wurde parallel dazu in Marsch gesetzt.<br \/>\nNach Eintreffen der Einheiten, konnte eine leichte Rauchentwicklung im Bereich eines Balkons im 5. Obergeschoss festgestellt werden. Schnell wurde die Wasserversorgung durch das Treppenhaus aufgebaut und ein Trupp r\u00fcstete sich mit Atemschutz aus, um in die betroffene Wohnung vorgehen zu k\u00f6nnen.<\/p>\n<p><!--more-->Da der Wohnungsinhaber die T\u00fcr selbst \u00f6ffnete, konnte der Trupp die R\u00e4umlichkeiten schnell betreten und fand eine brennende Matratze auf dem Balkon vor. Der Mieter wurde vorsorglich dem Rettungsdienst vorgestellt. Die Matratze wurde prim\u00e4r mit einer Kubelspritze abgel\u00f6scht, bevor man sie vom Balkon nach unten bef\u00f6rderte und endg\u00fcltig abl\u00f6schen konnte. Nachdem die Ursache beseitigt war, bel\u00fcftete man das Treppenhaus sowie die Wohnr\u00e4ume. Weiterhin wurden die angrenzenden Wohnungen neben und \u00fcber des Brandbalkons \u00fcberpr\u00fcft. Hierbei wurde die Eingangst\u00fcr der Wohnung dar\u00fcber gewaltsam ge\u00f6ffnet.<br \/>\nEtwa Anderthalbstunden nach Alarmierung konnte der Einsatz beendet werden und die Feuerwehr r\u00fcckte wieder ein.<\/p>\n","protected":false},"excerpt":{"rendered":"<p>11. Juni 2013 &#8211; 01:18 Uhr Im Sampel 1 FF-Einheit Einsatz 35 &#8211; 2013 In der Nacht von Montag auf Dienstag wurde die Kostheimer Feuerwehr in die Stra\u00dfe &#8220;Im Sampel&#8221; alarmiert. Im dortigen Hochhaus stellten Bewohner Brandgeruch fest und verst\u00e4ndigten die Feuerwehr. Auch der L\u00f6schzug der Wache 2 wurde parallel dazu in Marsch gesetzt. Nach [&hellip;]<\/p>\n","protected":false},"author":1,"featured_media":0,"comment_status":"closed","ping_status":"open","sticky":false,"template":"","format":"standard","meta":{"_et_pb_use_builder":"","_et_pb_old_content":"","_et_gb_content_width":"","_crdt_document":"","footnotes":""},"categories":[5],"tags":[31,183,640,111],"class_list":["post-1582","post","type-post","status-publish","format-standard","hentry","category-einsatze","tag-feuer","tag-hochhaus","tag-matratze","tag-rauchentwicklung"],"_links":{"self":[{"href":"https:\/\/www.feuerwehrkostheim.de\/index.php?rest_route=\/wp\/v2\/posts\/1582","targetHints":{"allow":["GET"]}}],"collection":[{"href":"https:\/\/www.feuerwehrkostheim.de\/index.php?rest_route=\/wp\/v2\/posts"}],"about":[{"href":"https:\/\/www.feuerwehrkostheim.de\/index.php?rest_route=\/wp\/v2\/types\/post"}],"author":[{"embeddable":true,"href":"https:\/\/www.feuerwehrkostheim.de\/index.php?rest_route=\/wp\/v2\/users\/1"}],"replies":[{"embeddable":true,"href":"https:\/\/www.feuerwehrkostheim.de\/index.php?rest_route=%2Fwp%2Fv2%2Fcomments&post=1582"}],"version-history":[{"count":0,"href":"https:\/\/www.feuerwehrkostheim.de\/index.php?rest_route=\/wp\/v2\/posts\/1582\/revisions"}],"wp:attachment":[{"href":"https:\/\/www.feuerwehrkostheim.de\/index.php?rest_route=%2Fwp%2Fv2%2Fmedia&parent=1582"}],"wp:term":[{"taxonomy":"category","embeddable":true,"href":"https:\/\/www.feuerwehrkostheim.de\/index.php?rest_route=%2Fwp%2Fv2%2Fcategories&post=1582"},{"taxonomy":"post_tag","embeddable":true,"href":"https:\/\/www.feuerwehrkostheim.de\/index.php?rest_route=%2Fwp%2Fv2%2Ftags&post=1582"}],"curies":[{"name":"wp","href":"https:\/\/api.w.org\/{rel}","templated":true}]}}