{"id":1576,"date":"2013-06-09T13:36:39","date_gmt":"2013-06-09T12:36:39","guid":{"rendered":"http:\/\/www.feuerwehrkostheim.de\/?p=1576"},"modified":"2018-06-02T14:06:18","modified_gmt":"2018-06-02T13:06:18","slug":"abschlussbericht-des-hochwassereinsatzes-juni-2013","status":"publish","type":"post","link":"https:\/\/www.feuerwehrkostheim.de\/?p=1576","title":{"rendered":"Abschlussbericht des Hochwassereinsatzes Juni 2013"},"content":{"rendered":"<p><a title=\"Deichwache Juni 2013 - Tag 5 - 06.06.13 von FF-Kostheim bei Flickr\" href=\"http:\/\/www.flickr.com\/photos\/ffkostheim\/8977734965\/\"><img loading=\"lazy\" decoding=\"async\" class=\"alignleft\" alt=\"Deichwache Juni 2013 - Tag 5 - 06.06.13\" src=\"http:\/\/farm6.staticflickr.com\/5333\/8977734965_772d1ac12a_m.jpg\" width=\"240\" height=\"159\" \/><\/a> Ein Hochwasser in dieser Jahreszeit ist f\u00fcr die Rhein- und Mainanlieger absolut neu. Lang anhaltende Regenf\u00e4lle im S\u00fcden Deutschlands Ende Mai lie\u00df alle Fl\u00fcsse anschwellen. Gl\u00fccklicher Weise wurden die zu Beginn prognistizierten H\u00f6chstwasserst\u00e4nde nicht erreicht. Dennoch wurde die Kostheimer Feuerwehr am Sonntag, den 02. Juni um 20:56 Uhr zur durch das RP Darmstadt angeordenten Deichwache alarmiert. Wie schon vor 2 Jahren &#8211; im Januar 2011 &#8211; wurden Pl\u00e4ne zur Deich- und Spundwandkontrolle erstellt. Aus Erfahrungen des letzten Einsatzes, konnte man gleich zu Beginn auf einen f\u00fcr die Kameraden ertr\u00e4glichen Kontrollturnus von 8 Stunden gehen. Neben den \u00fcblichen Deichl\u00e4ufen, wurden bei jedem Kontrolleinsatz auch die Uferbereiche sowie die kurz zuvor erstellten Spundw\u00e4nde kontrolliert.<\/p>\n<p><!--more--> <a title=\"Deichwache Juni 2013 - Tag 3 - 04.06.13 von FF-Kostheim bei Flickr\" href=\"http:\/\/www.flickr.com\/photos\/ffkostheim\/8961731366\/\"><img loading=\"lazy\" decoding=\"async\" class=\"alignright\" alt=\"Deichwache Juni 2013 - Tag 3 - 04.06.13\" src=\"http:\/\/farm4.staticflickr.com\/3741\/8961731366_1545fba086_m.jpg\" width=\"240\" height=\"159\" \/><\/a> Erleichterung erhielten die Kostheimer Einsatzkr\u00e4fte in Form eines besonderen Einsatzfahrzeuges, dass von der Berufsfeuerwehr Wiesbaden vorgehalten wird &#8211; dem ATV (All Terrain Vehicle). So konnte der Bereich der Deiche &#8211; die schon am zweiten Tag nicht mehr mit den \u00fcblichen Einsatzfahrzeugen nicht mehr erreichbar waren &#8211; befahren werden. Viele Kilometer Laufarbeit wurde den Kameraden somit erspart. Auch konnte der ben\u00f6tigte Zeitaufwand durch die Motorisierung von knapp \u00fcber 2 Stunden &#8211; die im Januar 2011 f\u00fcr einen Rundgang ben\u00f6tigt wurden &#8211; auf etwa eine Stunde reduziert werden.<\/p>\n<p>Dennoch wurden von Beginn des Einsatzes, bis zu seinem Ende 6 Tage sp\u00e4ter, eine <strong>erhebliche Anzahl von Einsatzstunden<\/strong> abgeleistet. Durch die Deichl\u00e4ufe, das Abpumpen von Sickerwasser in der Rosengasse und den Lagebesprechnungen, mussten etwa<strong> 165 Stunden<\/strong> aufgebracht werden.<\/p>\n<p>Am Samstagmorgen &#8211; 08.06.13 &#8211; fand eine abschlie\u00dfende Kontrollfahrt mit dem diensthabenden ELD statt. Die Zufahrten auf den Kostheimer Deich waren wieder befahrbar und das Wasser zog sich von den Hochwasserschutzw\u00e4nden zur\u00fcck. Zwar befinden sich noch gro\u00dfe Wasserfl\u00e4chen im Deichbereich, von denen kann aber keine Gefahr mehr ausgehen.<\/p>\n<p>Bez\u00fcglich der Unterst\u00fctzung der Hochwassergebiete im Osten Deutschlands &#8211; zu der sich auch vier Aktive der Kostheimer Wehr spontan zur Verf\u00fcgung stellten &#8211;\u00a0 muss man weiterhin abwarten. Da in Wiesbaden selbst noch eine Hochwasserlage herrschte, wurde die Stadt vom Innenminister noch nicht aktiv zur Unterst\u00fctzung angefordert. Da aber auch in den kommenden Tagen die Lage in den betroffenen Gebieten angepannt bleiben soll, muss abgewartet werden, ob aus Wiesabden auch Kr\u00e4fte entsand werden.<\/p>\n","protected":false},"excerpt":{"rendered":"<p>Ein Hochwasser in dieser Jahreszeit ist f\u00fcr die Rhein- und Mainanlieger absolut neu. Lang anhaltende Regenf\u00e4lle im S\u00fcden Deutschlands Ende Mai lie\u00df alle Fl\u00fcsse anschwellen. Gl\u00fccklicher Weise wurden die zu Beginn prognistizierten H\u00f6chstwasserst\u00e4nde nicht erreicht. Dennoch wurde die Kostheimer Feuerwehr am Sonntag, den 02. Juni um 20:56 Uhr zur durch das RP Darmstadt angeordenten Deichwache [&hellip;]<\/p>\n","protected":false},"author":1,"featured_media":0,"comment_status":"closed","ping_status":"open","sticky":false,"template":"","format":"standard","meta":{"_et_pb_use_builder":"","_et_pb_old_content":"","_et_gb_content_width":"","_crdt_document":"","footnotes":""},"categories":[5],"tags":[391,395,394,398,143,520],"class_list":["post-1576","post","type-post","status-publish","format-standard","hentry","category-einsatze","tag-damm","tag-deichwache","tag-hochwasser","tag-hochwasserschutz","tag-main","tag-rhein"],"_links":{"self":[{"href":"https:\/\/www.feuerwehrkostheim.de\/index.php?rest_route=\/wp\/v2\/posts\/1576","targetHints":{"allow":["GET"]}}],"collection":[{"href":"https:\/\/www.feuerwehrkostheim.de\/index.php?rest_route=\/wp\/v2\/posts"}],"about":[{"href":"https:\/\/www.feuerwehrkostheim.de\/index.php?rest_route=\/wp\/v2\/types\/post"}],"author":[{"embeddable":true,"href":"https:\/\/www.feuerwehrkostheim.de\/index.php?rest_route=\/wp\/v2\/users\/1"}],"replies":[{"embeddable":true,"href":"https:\/\/www.feuerwehrkostheim.de\/index.php?rest_route=%2Fwp%2Fv2%2Fcomments&post=1576"}],"version-history":[{"count":0,"href":"https:\/\/www.feuerwehrkostheim.de\/index.php?rest_route=\/wp\/v2\/posts\/1576\/revisions"}],"wp:attachment":[{"href":"https:\/\/www.feuerwehrkostheim.de\/index.php?rest_route=%2Fwp%2Fv2%2Fmedia&parent=1576"}],"wp:term":[{"taxonomy":"category","embeddable":true,"href":"https:\/\/www.feuerwehrkostheim.de\/index.php?rest_route=%2Fwp%2Fv2%2Fcategories&post=1576"},{"taxonomy":"post_tag","embeddable":true,"href":"https:\/\/www.feuerwehrkostheim.de\/index.php?rest_route=%2Fwp%2Fv2%2Ftags&post=1576"}],"curies":[{"name":"wp","href":"https:\/\/api.w.org\/{rel}","templated":true}]}}