{"id":1543,"date":"2013-05-09T23:57:19","date_gmt":"2013-05-09T22:57:19","guid":{"rendered":"http:\/\/www.feuerwehrkostheim.de\/?p=1543"},"modified":"2018-06-02T14:06:18","modified_gmt":"2018-06-02T13:06:18","slug":"tag-der-offenen-tur-2013","status":"publish","type":"post","link":"https:\/\/www.feuerwehrkostheim.de\/?p=1543","title":{"rendered":"Tag der offenen T\u00fcr 2013"},"content":{"rendered":"<p><a title=\"Tag der offenen T\u00fcr 2013 - 09.05.13 von FF-Kostheim bei Flickr\" href=\"http:\/\/www.flickr.com\/photos\/ffkostheim\/sets\/72157633486702520\" target=\"_blank\"><img loading=\"lazy\" decoding=\"async\" class=\"alignleft\" alt=\"Tag der offenen T\u00fcr 2013 - 09.05.13\" src=\"http:\/\/farm8.staticflickr.com\/7290\/8735789324_768b9825ea_m.jpg\" width=\"240\" height=\"159\" \/><\/a> Obwohl am Vortag das Ger\u00e4t zum Feuerl\u00f6schtraining seinen Dienst quittierte und die meisten Wettervorhersagen Wind und Regen vermeldeten, konnte die Kostheimer Feuerwehr \u00e4u\u00dferst zufrieden auf ihren \u201eTag der offenen T\u00fcr\u201c zur\u00fcckblicken. P\u00fcnktlich um 10 Uhr war die Fahrzeugausstellung komplett, der Grill angez\u00fcndet, die Getr\u00e4nke kalt sowie die Infost\u00e4nde besetzt. Etwa eine halbe Stunde sp\u00e4ter begann der Besucherzustrom, der auch erst am sp\u00e4ten Nachmittag abebbte.<\/p>\n<p><!--more-->Neben den \u00fcblichen Anlaufstellen f\u00fcr Interessierte der Bambini- und Jugendfeuerwehr wurden die eigenen Einsatzfahrzeuge in Form der L\u00f6schfahrzeuge, dem Mannschaftswagen und des Bootes ausgestellt.<\/p>\n<p><a title=\"Tag der offenen T\u00fcr 2013 - 09.05.13 von FF-Kostheim bei Flickr\" href=\"http:\/\/www.flickr.com\/photos\/ffkostheim\/sets\/72157633486702520\" target=\"_blank\"><img loading=\"lazy\" decoding=\"async\" class=\"alignright\" alt=\"Tag der offenen T\u00fcr 2013 - 09.05.13\" src=\"http:\/\/farm8.staticflickr.com\/7312\/8734669065_280370cb8b_m.jpg\" width=\"240\" height=\"159\" \/><\/a> Passend zum diesj\u00e4hrigen Schwerpunktthema \u201eHochwasserschutz\u201c konnten die Besucher auch eine Reihe von nicht ganz \u00fcblichen Feuerwehrfahrzeugen bestaunen. Zu sehen war unter anderem der \u201eAB-SaSaF\u00fc\u201c \u2013 ein Abrollbeh\u00e4lter, mit dem direkt vor Ort Sands\u00e4cke gef\u00fcllt und somit zeitnah verbaut werden k\u00f6nnen. Von der Werkfeuerwehr InfraServ Hoechst wurde ein spezieller Hochwasser-Abrollbeh\u00e4lter samt Universal-Radlader ausgestellt und auch die Flughafen Feuerwehr Frankfurt zeigte einen besonderen Wechsellader-Auflieger.<\/p>\n<p><a title=\"Tag der offenen T\u00fcr 2013 - 09.05.13 von FF-Kostheim bei Flickr\" href=\"http:\/\/www.flickr.com\/photos\/ffkostheim\/sets\/72157633486702520\" target=\"_blank\"><img loading=\"lazy\" decoding=\"async\" class=\"alignleft\" alt=\"Tag der offenen T\u00fcr 2013 - 09.05.13\" src=\"http:\/\/farm8.staticflickr.com\/7323\/8734668315_bff4fd8475_m.jpg\" width=\"240\" height=\"159\" \/><\/a> Von den G\u00e4sten ebenfalls mit gro\u00dfen Augen bestaunt wurde, war das ATV der Berufsfeuerwehr Wiesbaden. Das ATV (All-Terrain-Verhicle) ist eine Art Quad, aber mit Fahrerkabine und Ladepritsche. Es kann speziell im unwegsamen Gel\u00e4nde genutzt und im Winter sogar auf Kettenantrieb, \u00e4hnlich der Pistenraupen in Skigebieten, umgebaut werden.<\/p>\n<p><a title=\"Tag der offenen T\u00fcr 2013 - 09.05.13 von FF-Kostheim bei Flickr\" href=\"http:\/\/www.flickr.com\/photos\/ffkostheim\/sets\/72157633486702520\" target=\"_blank\"><img loading=\"lazy\" decoding=\"async\" class=\"alignright\" alt=\"Tag der offenen T\u00fcr 2013 - 09.05.13\" src=\"http:\/\/farm8.staticflickr.com\/7309\/8735792292_25a53055ae_m.jpg\" width=\"240\" height=\"159\" \/><\/a> Das Rahmenprogramm wurde mit einer Schau\u00fcbung der Jugendfeuerwehr am Nachmittag abgerundet. Hierbei musste von den Nachwuchskr\u00e4ften ein brennender Holzstapel gel\u00f6scht sowie ein durch eine Puppe\u00a0 imitierter Verletzter aus dem Gefahrenbereich gerettet werden.<\/p>\n<p>An diesem Tag, der &#8211; entgegen diverser Voraussagen \u2013 wettertechnisch optimal verlief, durfte selbstverst\u00e4ndlich die Verpflegung nicht fehlen. Ob Grillsteak, Bratwurst oder Pommes frites konnten Besucher sich auch \u00fcber ein \u00fcppiges Kuchenbuffet freuen. Auch \u00fcber den Tresen des Getr\u00e4nkestandes, ging so mancher Liter der verschiedensten Erfrischungsgetr\u00e4nke. So mancher Gast, der \u201enur mal kurz vorbeischauen\u201c wollte, verweilte dann doch l\u00e4nger als geplant.<\/p>\n","protected":false},"excerpt":{"rendered":"<p>Obwohl am Vortag das Ger\u00e4t zum Feuerl\u00f6schtraining seinen Dienst quittierte und die meisten Wettervorhersagen Wind und Regen vermeldeten, konnte die Kostheimer Feuerwehr \u00e4u\u00dferst zufrieden auf ihren \u201eTag der offenen T\u00fcr\u201c zur\u00fcckblicken. P\u00fcnktlich um 10 Uhr war die Fahrzeugausstellung komplett, der Grill angez\u00fcndet, die Getr\u00e4nke kalt sowie die Infost\u00e4nde besetzt. Etwa eine halbe Stunde sp\u00e4ter begann [&hellip;]<\/p>\n","protected":false},"author":1,"featured_media":0,"comment_status":"closed","ping_status":"open","sticky":false,"template":"","format":"standard","meta":{"_et_pb_use_builder":"","_et_pb_old_content":"","_et_gb_content_width":"","_crdt_document":"","footnotes":""},"categories":[1],"tags":[578,604,394,398,256],"class_list":["post-1543","post","type-post","status-publish","format-standard","hentry","category-allgemein","tag-ausstellung","tag-fahrzeugausstellung","tag-hochwasser","tag-hochwasserschutz","tag-tag-der-offenen-tur"],"_links":{"self":[{"href":"https:\/\/www.feuerwehrkostheim.de\/index.php?rest_route=\/wp\/v2\/posts\/1543","targetHints":{"allow":["GET"]}}],"collection":[{"href":"https:\/\/www.feuerwehrkostheim.de\/index.php?rest_route=\/wp\/v2\/posts"}],"about":[{"href":"https:\/\/www.feuerwehrkostheim.de\/index.php?rest_route=\/wp\/v2\/types\/post"}],"author":[{"embeddable":true,"href":"https:\/\/www.feuerwehrkostheim.de\/index.php?rest_route=\/wp\/v2\/users\/1"}],"replies":[{"embeddable":true,"href":"https:\/\/www.feuerwehrkostheim.de\/index.php?rest_route=%2Fwp%2Fv2%2Fcomments&post=1543"}],"version-history":[{"count":0,"href":"https:\/\/www.feuerwehrkostheim.de\/index.php?rest_route=\/wp\/v2\/posts\/1543\/revisions"}],"wp:attachment":[{"href":"https:\/\/www.feuerwehrkostheim.de\/index.php?rest_route=%2Fwp%2Fv2%2Fmedia&parent=1543"}],"wp:term":[{"taxonomy":"category","embeddable":true,"href":"https:\/\/www.feuerwehrkostheim.de\/index.php?rest_route=%2Fwp%2Fv2%2Fcategories&post=1543"},{"taxonomy":"post_tag","embeddable":true,"href":"https:\/\/www.feuerwehrkostheim.de\/index.php?rest_route=%2Fwp%2Fv2%2Ftags&post=1543"}],"curies":[{"name":"wp","href":"https:\/\/api.w.org\/{rel}","templated":true}]}}