{"id":1509,"date":"2013-04-23T16:38:44","date_gmt":"2013-04-23T15:38:44","guid":{"rendered":"http:\/\/www.feuerwehrkostheim.de\/?p=1509"},"modified":"2018-06-02T14:06:19","modified_gmt":"2018-06-02T13:06:19","slug":"pkw-brand-in-der-kostheimer-siedlung","status":"publish","type":"post","link":"https:\/\/www.feuerwehrkostheim.de\/?p=1509","title":{"rendered":"PKW-Brand in der Kostheimer Siedlung"},"content":{"rendered":"<p><img loading=\"lazy\" decoding=\"async\" class=\"alignleft\" title=\"Einsatz-Logo\" alt=\"Einsatz-Logo\" src=\"http:\/\/www.feuerwehrkostheim.de\/wp-content\/bilder\/sonstige\/logo_einsatz.jpg\" width=\"100\" height=\"100\" \/><strong>23. April 2013 &#8211; 16:04 Uhr<\/strong><br \/>\n<strong>Wallufer Stra\u00dfe<\/strong><br \/>\nEinzelfahrzeugalarmierung<br \/>\nEinsatz 11 &#8211; 2013<\/p>\n<p><a title=\"PKW-Brand in der Siedlung - 23.04.13 von FF-Kostheim bei Flickr\" href=\"http:\/\/www.flickr.com\/photos\/ffkostheim\/sets\/72157633312608474\/with\/8675722640\/\" target=\"_blank\"><img loading=\"lazy\" decoding=\"async\" class=\"alignright\" alt=\"PKW-Brand in der Siedlung - 23.04.13\" src=\"http:\/\/farm9.staticflickr.com\/8401\/8674675125_4800e398ed_m.jpg\" width=\"240\" height=\"180\" \/><\/a> Ein brennender PKW in der Wallufer Stra\u00dfe war Grund f\u00fcr die Alarmierung der Kostheimer Feuerwehr am Dienstagnachmittag. Ebenfalls auf der Anfahrt in die Siedlung war das Basis-LF der Feuerwache 2. Als das LF10\/10 der FF vor Ort eintraf, brannte der Motorraum eines PKW\u00b4s. Ein Trupp unter Atemschutz nahm ein Strahlrohr vor und l\u00f6schte das Feuer. Die Kameraden der Berufsfeuerwehr mussten nicht mehr t\u00e4tig werden und konnten einr\u00fccken. Der Einsatz war nach etwa einer halben Stunde beendet.<\/p>\n","protected":false},"excerpt":{"rendered":"<p>23. April 2013 &#8211; 16:04 Uhr Wallufer Stra\u00dfe Einzelfahrzeugalarmierung Einsatz 11 &#8211; 2013 Ein brennender PKW in der Wallufer Stra\u00dfe war Grund f\u00fcr die Alarmierung der Kostheimer Feuerwehr am Dienstagnachmittag. Ebenfalls auf der Anfahrt in die Siedlung war das Basis-LF der Feuerwache 2. Als das LF10\/10 der FF vor Ort eintraf, brannte der Motorraum eines [&hellip;]<\/p>\n","protected":false},"author":1,"featured_media":0,"comment_status":"closed","ping_status":"open","sticky":false,"template":"","format":"standard","meta":{"_et_pb_use_builder":"","_et_pb_old_content":"","_et_gb_content_width":"","_crdt_document":"","footnotes":""},"categories":[5],"tags":[31,422,163,335],"class_list":["post-1509","post","type-post","status-publish","format-standard","hentry","category-einsatze","tag-feuer","tag-pkw","tag-pkw-brand","tag-siedlung"],"_links":{"self":[{"href":"https:\/\/www.feuerwehrkostheim.de\/index.php?rest_route=\/wp\/v2\/posts\/1509","targetHints":{"allow":["GET"]}}],"collection":[{"href":"https:\/\/www.feuerwehrkostheim.de\/index.php?rest_route=\/wp\/v2\/posts"}],"about":[{"href":"https:\/\/www.feuerwehrkostheim.de\/index.php?rest_route=\/wp\/v2\/types\/post"}],"author":[{"embeddable":true,"href":"https:\/\/www.feuerwehrkostheim.de\/index.php?rest_route=\/wp\/v2\/users\/1"}],"replies":[{"embeddable":true,"href":"https:\/\/www.feuerwehrkostheim.de\/index.php?rest_route=%2Fwp%2Fv2%2Fcomments&post=1509"}],"version-history":[{"count":0,"href":"https:\/\/www.feuerwehrkostheim.de\/index.php?rest_route=\/wp\/v2\/posts\/1509\/revisions"}],"wp:attachment":[{"href":"https:\/\/www.feuerwehrkostheim.de\/index.php?rest_route=%2Fwp%2Fv2%2Fmedia&parent=1509"}],"wp:term":[{"taxonomy":"category","embeddable":true,"href":"https:\/\/www.feuerwehrkostheim.de\/index.php?rest_route=%2Fwp%2Fv2%2Fcategories&post=1509"},{"taxonomy":"post_tag","embeddable":true,"href":"https:\/\/www.feuerwehrkostheim.de\/index.php?rest_route=%2Fwp%2Fv2%2Ftags&post=1509"}],"curies":[{"name":"wp","href":"https:\/\/api.w.org\/{rel}","templated":true}]}}