{"id":1474,"date":"2013-03-01T12:07:12","date_gmt":"2013-03-01T10:07:12","guid":{"rendered":"http:\/\/www.feuerwehrkostheim.de\/?p=1474"},"modified":"2018-06-02T14:06:20","modified_gmt":"2018-06-02T13:06:20","slug":"rauchentwicklung-aus-firmenhalle","status":"publish","type":"post","link":"https:\/\/www.feuerwehrkostheim.de\/?p=1474","title":{"rendered":"Rauchentwicklung aus Firmenhalle"},"content":{"rendered":"<p><img loading=\"lazy\" decoding=\"async\" class=\"alignleft\" title=\"Einsatz-Logo\" alt=\"Einsatz-Logo\" src=\"http:\/\/www.feuerwehrkostheim.de\/wp-content\/bilder\/sonstige\/logo_einsatz.jpg\" width=\"100\" height=\"100\" \/><strong>01. M\u00e4rz 2013 &#8211; 10:09 Uhr<\/strong><br \/>\n<strong>Am G\u00fcckelsberg<\/strong><br \/>\nFF-Einheit<br \/>\nEinsatz 06 &#8211; 2013<\/p>\n<p>Nach \u00fcber einem Monat ohne Einsatz, wurde die Kostheimer Feuerwehr am Freitagmorgen zu einem Brandverdacht in die Stra\u00dfe &#8220;Am G\u00fcckelsberg&#8221; alarmiert. Grund f\u00fcr den eingegangenen Notruf war eine Rauchentwicklung aus dem Dach einer Halle. Als die Kameraden vor Ort eintrafen konnte bald Entwarnung gegeben werden &#8211; die Rauchentwicklung waren D\u00e4mpfe, die durch einen \u00fcblichen Verfahrensablauf enstanden. Auch die zwischenzeitlich eingetroffenen Kollegen der Berufsfeuerwehr konnten den Einsatz nach einer Viertelstunde wieder beenden.<\/p>\n","protected":false},"excerpt":{"rendered":"<p>01. M\u00e4rz 2013 &#8211; 10:09 Uhr Am G\u00fcckelsberg FF-Einheit Einsatz 06 &#8211; 2013 Nach \u00fcber einem Monat ohne Einsatz, wurde die Kostheimer Feuerwehr am Freitagmorgen zu einem Brandverdacht in die Stra\u00dfe &#8220;Am G\u00fcckelsberg&#8221; alarmiert. Grund f\u00fcr den eingegangenen Notruf war eine Rauchentwicklung aus dem Dach einer Halle. Als die Kameraden vor Ort eintrafen konnte bald [&hellip;]<\/p>\n","protected":false},"author":1,"featured_media":0,"comment_status":"closed","ping_status":"open","sticky":false,"template":"","format":"standard","meta":{"_et_pb_use_builder":"","_et_pb_old_content":"","_et_gb_content_width":"","_crdt_document":"","footnotes":""},"categories":[5],"tags":[459,113,608,111],"class_list":["post-1474","post","type-post","status-publish","format-standard","hentry","category-einsatze","tag-dampf","tag-fehlalarm","tag-halle","tag-rauchentwicklung"],"_links":{"self":[{"href":"https:\/\/www.feuerwehrkostheim.de\/index.php?rest_route=\/wp\/v2\/posts\/1474","targetHints":{"allow":["GET"]}}],"collection":[{"href":"https:\/\/www.feuerwehrkostheim.de\/index.php?rest_route=\/wp\/v2\/posts"}],"about":[{"href":"https:\/\/www.feuerwehrkostheim.de\/index.php?rest_route=\/wp\/v2\/types\/post"}],"author":[{"embeddable":true,"href":"https:\/\/www.feuerwehrkostheim.de\/index.php?rest_route=\/wp\/v2\/users\/1"}],"replies":[{"embeddable":true,"href":"https:\/\/www.feuerwehrkostheim.de\/index.php?rest_route=%2Fwp%2Fv2%2Fcomments&post=1474"}],"version-history":[{"count":0,"href":"https:\/\/www.feuerwehrkostheim.de\/index.php?rest_route=\/wp\/v2\/posts\/1474\/revisions"}],"wp:attachment":[{"href":"https:\/\/www.feuerwehrkostheim.de\/index.php?rest_route=%2Fwp%2Fv2%2Fmedia&parent=1474"}],"wp:term":[{"taxonomy":"category","embeddable":true,"href":"https:\/\/www.feuerwehrkostheim.de\/index.php?rest_route=%2Fwp%2Fv2%2Fcategories&post=1474"},{"taxonomy":"post_tag","embeddable":true,"href":"https:\/\/www.feuerwehrkostheim.de\/index.php?rest_route=%2Fwp%2Fv2%2Ftags&post=1474"}],"curies":[{"name":"wp","href":"https:\/\/api.w.org\/{rel}","templated":true}]}}